{"id":1370,"date":"2022-03-22T23:33:29","date_gmt":"2022-03-22T23:33:29","guid":{"rendered":"http:\/\/afs-test.de\/uncategorized\/aenderung-des-infektionsschutzgesetzes\/"},"modified":"2022-03-22T23:33:29","modified_gmt":"2022-03-22T23:33:29","slug":"aenderung-des-infektionsschutzgesetzes","status":"publish","type":"post","link":"https:\/\/anna-freud-schule.de\/startseite\/uncategorized\/aenderung-des-infektionsschutzgesetzes\/","title":{"rendered":"\u00c4nderung des Infektionsschutzgesetzes"},"content":{"rendered":"<p>Liebe Eltern und Erziehungsberechtigte,<\/p>\n<p>liebe Sch\u00fclerinnen und Sch\u00fcler,<\/p>\n<p>aufgrund der heutigen \u00c4nderung des Infektionsschutzgesetzes erreichte uns soeben die folgenden Schulmail:<\/p>\n<p>\u201eSehr geehrte Schulleiterinnen und Schulleiter,<\/p>\n<p>liebe Kolleginnen und Kollegen,<\/p>\n<p> soeben hat der Deutsche Bundestag \u00fcber eine wichtige \u00c4nderung des Infektionsschutzgesetzes entschieden. Diese Entscheidung wird auch Auswirkungen auf den Schulbetrieb in Nordrhein-Westfalen haben, \u00fcber die ich Sie hiermit aktuell informieren m\u00f6chte.<\/p>\n<p>Nach dem heute im Deutschen Bundestag gefassten Beschluss werden ab dem 20. M\u00e4rz 2022 u.a. folgende \u00c4nderungen des Infektionsschutzgesetzes gelten:<\/p>\n<p>1. Maskenpflicht in den Schulen<\/p>\n<p>Das ge\u00e4nderte Infektionsschutzgesetz sieht eine rechtliche Grundlage f\u00fcr eine Pflicht zum Tragen einer Maske in den Innenr\u00e4umen von Schulen bereits mit Beginn der kommenden Woche, also mit Wirkung ab dem 20. M\u00e4rz 2022, grunds\u00e4tzlich nicht mehr vor. Im Unterschied zur bisherigen Rechtslage d\u00fcrfen die L\u00e4nder nur noch unter sehr engen Voraussetzungen und ausdr\u00fccklich nur unter Beteiligung und mit Zustimmung der jeweiligen Landesparlamente durch Rechtsverordnung anordnen, dass in den Innenr\u00e4umen von Schulen eine medizinische oder FFP2-Maske getragen werden muss. Eine solche Maskenpflicht hat sich dann jedoch auf einzelne Gebietsk\u00f6rperschaften (Kreise oder kreisfreie St\u00e4dte) zu beschr\u00e4nken. Allerdings gew\u00e4hrt das Gesetz eine \u00dcbergangsfrist bis zum 2. April 2022. Bis zu diesem Zeitpunkt kann das bisherige Landesrecht, also die Coronabetreuungsverordnung, in der derzeit vorliegenden Fassung weitergelten.<\/p>\n<p><strong>Die Landesregierung Nordrhein-Westfalen hat entschieden, die oben erw\u00e4hnte \u00dcbergangsfrist zu nutzen und die bestehenden Ma\u00dfnahmen zum Infektionsschutz in Schulen auf der Grundlage der bestehenden Coronabetreuungsverordnung aufrecht zu erhalten. Bis Samstag, 2. April 2022, wird also \u00a7 2 der Coronabetreuungsverordnung eine Pflicht zum Tragen einer Maske in allen Innenr\u00e4umen der Schule vorsehen.<\/strong> Danach endet diese Pflicht.<\/p>\n<p>Insbesondere f\u00fcr die letzte Woche vor den Osterferien bleibt es dennoch jeder Sch\u00fclerin und jedem Sch\u00fcler sowie allen in Schule t\u00e4tigen Personen unbenommen, in den Schulgeb\u00e4uden freiwillig eine Maske zu tragen. Diese Freiwilligkeit bedingt jedoch, dass es f\u00fcr die Schulen weder eine infektionsschutzrechtliche noch eine schulrechtliche Handhabe gegen\u00fcber einzelnen Mitgliedern der Schulgemeinde gibt, verbindlich das Tragen einer Maske durchzusetzen.<\/p>\n<p>2. Fortsetzung schulischer Testungen<\/p>\n<p>Nach dem neuen Infektionsschutzgesetz k\u00f6nnen die L\u00e4nder jedoch weiterhin schulische Testungen anordnen. <strong>F\u00fcr Nordrhein-Westfalen hat die Landesregierung entschieden, dass bis zum letzten Schultag vor den Osterferien, also dem 8. April 2022, die schulischen Testungen in allen Schulen und Schulformen in der derzeitigen Form fortgesetzt werden.<\/strong>\u201c \u2026<\/p>\n<p>\u201eMit freundlichen Gr\u00fc\u00dfen, Mathias Richter\u201c<\/p>\n<p>Ich w\u00fcnsche Ihnen ein sch\u00f6nes Wochenende und den Sch\u00fcler*innen viel Erfolg bei der Suche nach Sponsoren.<\/p>\n<p>Herzliche Gr\u00fc\u00dfe<\/p>\n<p>Elke Goldschmidtb\u00f6ing<\/p>","protected":false},"excerpt":{"rendered":"<p>Liebe Eltern und Erziehungsberechtigte, liebe Sch\u00fclerinnen und Sch\u00fcler, aufgrund der heutigen \u00c4nderung des Infektionsschutzgesetzes erreichte uns soeben die folgenden Schulmail: \u201eSehr geehrte Schulleiterinnen und Schulleiter, liebe Kolleginnen und Kollegen, soeben hat der Deutsche Bundestag \u00fcber eine wichtige \u00c4nderung des Infektionsschutzgesetzes entschieden. Diese Entscheidung wird auch Auswirkungen auf den Schulbetrieb in Nordrhein-Westfalen haben, \u00fcber die ich [&hellip;]<\/p>\n","protected":false},"author":1,"featured_media":0,"comment_status":"open","ping_status":"open","sticky":false,"template":"","format":"standard","meta":{"site-sidebar-layout":"default","site-content-layout":"","ast-site-content-layout":"default","site-content-style":"default","site-sidebar-style":"default","ast-global-header-display":"","ast-banner-title-visibility":"","ast-main-header-display":"","ast-hfb-above-header-display":"","ast-hfb-below-header-display":"","ast-hfb-mobile-header-display":"","site-post-title":"","ast-breadcrumbs-content":"","ast-featured-img":"","footer-sml-layout":"","ast-disable-related-posts":"","theme-transparent-header-meta":"","adv-header-id-meta":"","stick-header-meta":"","header-above-stick-meta":"","header-main-stick-meta":"","header-below-stick-meta":"","astra-migrate-meta-layouts":"default","ast-page-background-enabled":"default","ast-page-background-meta":{"desktop":{"background-color":"var(--ast-global-color-4)","background-image":"","background-repeat":"repeat","background-position":"center center","background-size":"auto","background-attachment":"scroll","background-type":"","background-media":"","overlay-type":"","overlay-color":"","overlay-opacity":"","overlay-gradient":""},"tablet":{"background-color":"","background-image":"","background-repeat":"repeat","background-position":"center center","background-size":"auto","background-attachment":"scroll","background-type":"","background-media":"","overlay-type":"","overlay-color":"","overlay-opacity":"","overlay-gradient":""},"mobile":{"background-color":"","background-image":"","background-repeat":"repeat","background-position":"center center","background-size":"auto","background-attachment":"scroll","background-type":"","background-media":"","overlay-type":"","overlay-color":"","overlay-opacity":"","overlay-gradient":""}},"ast-content-background-meta":{"desktop":{"background-color":"var(--ast-global-color-5)","background-image":"","background-repeat":"repeat","background-position":"center center","background-size":"auto","background-attachment":"scroll","background-type":"","background-media":"","overlay-type":"","overlay-color":"","overlay-opacity":"","overlay-gradient":""},"tablet":{"background-color":"var(--ast-global-color-5)","background-image":"","background-repeat":"repeat","background-position":"center center","background-size":"auto","background-attachment":"scroll","background-type":"","background-media":"","overlay-type":"","overlay-color":"","overlay-opacity":"","overlay-gradient":""},"mobile":{"background-color":"var(--ast-global-color-5)","background-image":"","background-repeat":"repeat","background-position":"center center","background-size":"auto","background-attachment":"scroll","background-type":"","background-media":"","overlay-type":"","overlay-color":"","overlay-opacity":"","overlay-gradient":""}},"footnotes":""},"categories":[1],"tags":[],"class_list":["post-1370","post","type-post","status-publish","format-standard","hentry","category-uncategorized"],"_links":{"self":[{"href":"https:\/\/anna-freud-schule.de\/startseite\/wp-json\/wp\/v2\/posts\/1370","targetHints":{"allow":["GET"]}}],"collection":[{"href":"https:\/\/anna-freud-schule.de\/startseite\/wp-json\/wp\/v2\/posts"}],"about":[{"href":"https:\/\/anna-freud-schule.de\/startseite\/wp-json\/wp\/v2\/types\/post"}],"author":[{"embeddable":true,"href":"https:\/\/anna-freud-schule.de\/startseite\/wp-json\/wp\/v2\/users\/1"}],"replies":[{"embeddable":true,"href":"https:\/\/anna-freud-schule.de\/startseite\/wp-json\/wp\/v2\/comments?post=1370"}],"version-history":[{"count":0,"href":"https:\/\/anna-freud-schule.de\/startseite\/wp-json\/wp\/v2\/posts\/1370\/revisions"}],"wp:attachment":[{"href":"https:\/\/anna-freud-schule.de\/startseite\/wp-json\/wp\/v2\/media?parent=1370"}],"wp:term":[{"taxonomy":"category","embeddable":true,"href":"https:\/\/anna-freud-schule.de\/startseite\/wp-json\/wp\/v2\/categories?post=1370"},{"taxonomy":"post_tag","embeddable":true,"href":"https:\/\/anna-freud-schule.de\/startseite\/wp-json\/wp\/v2\/tags?post=1370"}],"curies":[{"name":"wp","href":"https:\/\/api.w.org\/{rel}","templated":true}]}}