{"id":1479,"date":"2022-03-23T02:10:28","date_gmt":"2022-03-23T02:10:28","guid":{"rendered":"http:\/\/afs-test.de\/?p=1479"},"modified":"2022-03-23T02:12:06","modified_gmt":"2022-03-23T02:12:06","slug":"aufnahme-sekundarstufe-i","status":"publish","type":"post","link":"https:\/\/anna-freud-schule.de\/startseite\/uncategorized\/aufnahme-sekundarstufe-i\/","title":{"rendered":"Aufnahme Sekundarstufe I"},"content":{"rendered":"\t\t<div data-elementor-type=\"wp-post\" data-elementor-id=\"1479\" class=\"elementor elementor-1479\" data-elementor-post-type=\"post\">\n\t\t\t\t\t\t<section class=\"elementor-section elementor-top-section elementor-element elementor-element-abd8313 elementor-section-boxed elementor-section-height-default elementor-section-height-default\" data-id=\"abd8313\" data-element_type=\"section\" data-e-type=\"section\">\n\t\t\t\t\t\t<div class=\"elementor-container elementor-column-gap-default\">\n\t\t\t\t\t<div class=\"elementor-column elementor-col-100 elementor-top-column elementor-element elementor-element-8c87469\" data-id=\"8c87469\" data-element_type=\"column\" data-e-type=\"column\">\n\t\t\t<div class=\"elementor-widget-wrap elementor-element-populated\">\n\t\t\t\t\t\t<div class=\"elementor-element elementor-element-dcad8f8 elementor-widget elementor-widget-text-editor\" data-id=\"dcad8f8\" data-element_type=\"widget\" data-e-type=\"widget\" data-widget_type=\"text-editor.default\">\n\t\t\t\t<div class=\"elementor-widget-container\">\n\t\t\t\t\t\t\t\t\t<h3 style=\"margin-bottom: 0.25em; font-size: 14.0144px; font-family: Verdana, Arial, Helvetica, sans-serif; font-weight: bold; color: rgb(85, 85, 85); font-style: normal;\">Zusammensetzung der Sch\u00fclerschaft<\/h3><p style=\"margin-bottom: 1em; font-size: 12.0132px; line-height: 1.5em; color: rgb(51, 51, 51); font-family: Verdana, Arial, Helvetica, sans-serif; font-style: normal; font-weight: 400;\">In die Sekundarstufe I der LVR-Anna-Freud-Schule k\u00f6nnen aufgenommen werden:<\/p><p style=\"margin-bottom: 1em; font-size: 12.0132px; line-height: 1.5em; color: rgb(51, 51, 51); font-family: Verdana, Arial, Helvetica, sans-serif; font-style: normal; font-weight: 400;\">Sch\u00fcler*innen aus<\/p><ul style=\"margin-bottom: 1em; margin-left: 1em; font-size: 12.0132px; line-height: 1.5em; color: rgb(51, 51, 51); font-family: Verdana, Arial, Helvetica, sans-serif; font-style: normal; font-weight: 400;\"><li style=\"margin-left: 0.8em; line-height: 1.5em; font-size: 12.0144px;\">Grundschulen<\/li><li style=\"margin-left: 0.8em; line-height: 1.5em; font-size: 12.0144px;\">dem Gemeinsamen Lernen (GL)<\/li><li style=\"margin-left: 0.8em; line-height: 1.5em; font-size: 12.0144px;\">weiterf\u00fchrenden Schulen<\/li><li style=\"margin-left: 0.8em; line-height: 1.5em; font-size: 12.0144px;\">F\u00f6rderschulen<\/li><\/ul><h3 style=\"margin-bottom: 0.25em; font-size: 14.0144px; font-family: Verdana, Arial, Helvetica, sans-serif; font-weight: bold; color: rgb(85, 85, 85); font-style: normal;\">Voraussetzungen<\/h3><p style=\"margin-bottom: 1em; font-size: 12.0132px; line-height: 1.5em; color: rgb(51, 51, 51); font-family: Verdana, Arial, Helvetica, sans-serif; font-style: normal; font-weight: 400;\">1. Der sonderp\u00e4dagogischen Unterst\u00fctzungsbedarfs im Bereich K\u00f6rperliche und motorische Entwicklung gem\u00e4\u00df der Verordnung AO-SF (von 2005, zuletzt ge\u00e4ndert durch Verordnung von 2016) ist Voraussetzung f\u00fcr die Aufnahme an der LVR-Anna-Freud-Schule. Zust\u00e4ndig ist die Schulaufsicht, in der Regel das Schulamt, der aktuell besuchten Schule. Wurde der Unterst\u00fctzungsbedarf bereits festgestellt, wird \u00fcber das Schulamt ein Wechsel des F\u00f6rderortes beantragt.<\/p><p style=\"margin-bottom: 1em; font-size: 12.0132px; line-height: 1.5em; color: rgb(51, 51, 51); font-family: Verdana, Arial, Helvetica, sans-serif; font-style: normal; font-weight: 400;\">2. Ein Versetzungszeugnis der bisher besuchten Grundschule oder einer F\u00f6rderschule, die nach den Unterrichtsvorgaben f\u00fcr die Grundschule unterrichtet.<\/p><p style=\"margin-bottom: 1em; font-size: 12.0132px; line-height: 1.5em; color: rgb(51, 51, 51); font-family: Verdana, Arial, Helvetica, sans-serif; font-style: normal; font-weight: 400;\">3. Der Unterricht in der Sekundarstufe I der LVR-Anna-Freud-Schule orientiert sich am Kernlehrplan f\u00fcr die Realschule.<\/p><h3 style=\"margin-bottom: 0.25em; font-size: 14.0144px; font-family: Verdana, Arial, Helvetica, sans-serif; font-weight: bold; color: rgb(85, 85, 85); font-style: normal;\">Verfahren f\u00fcr die 5. Klasse<\/h3><p style=\"margin-bottom: 1em; font-size: 12.0132px; line-height: 1.5em; color: rgb(51, 51, 51); font-family: Verdana, Arial, Helvetica, sans-serif; font-style: normal; font-weight: 400;\"><strong style=\"margin: 0px; padding: 0px; font-size: 12.0144px;\"><a href=\"http:\/\/www.anna-freud-schule.de\/images\/afs\/symbol\/Aufnahme.jpg\" class=\"thumbnail highslide \" style=\"margin: 5px; padding: 0px; font-size: 12.0156px; color: rgb(90, 149, 207); background-image: initial; background-position: initial; background-size: initial; background-repeat: initial; background-attachment: initial; background-origin: initial; background-clip: initial; outline: none; display: inline-block; zoom: 1; float: left;\"><img decoding=\"async\" src=\"http:\/\/www.anna-freud-schule.de\/images\/stories\/thumbnails\/images\/afs\/symbol\/Aufnahme-fill-226x150.jpg\" height=\"150\" class=\"\" width=\"226\" style=\"margin: 0px; padding: 0px; border-width: 2px; border-style: solid; border-color: silver; font-size: 12.0168px; cursor: url(&quot;\/media\/plg_content_mavikthumbnails\/highslide\/graphics\/zoomin.cur&quot;), pointer !important;\"><\/a><\/strong><\/p><p style=\"margin-bottom: 1em; font-size: 12.0132px; line-height: 1.5em; color: rgb(51, 51, 51); font-family: Verdana, Arial, Helvetica, sans-serif; font-style: normal; font-weight: 400;\">Unser<a href=\"http:\/\/www.anna-freud-schule.de\/index.php\/component\/contact\/category\/13-aufnahme-sek1\" target=\"_blank\" rel=\"noopener noreferrer\" style=\"margin: 0px; padding: 0px; font-size: 12.0144px; color: rgb(90, 149, 207); background-image: initial; background-position: initial; background-size: initial; background-repeat: initial; background-attachment: initial; background-origin: initial; background-clip: initial;\">&nbsp;Aufnahmeteam SI<\/a>&nbsp;der LVR-Anna-Freud-Schule, bestehend aus Frau Heller, Frau Hennen und Herrn Ludwig als Leiter der Sch\u00fcleraufnahme ber\u00e4t Sie gerne bez\u00fcglich des Verfahrens, des Antrags zur Ermittlung des sonderp\u00e4dagogischen Unterst\u00fctzungsbedarfs und gestaltet den \u00dcbergang (E-Mail:&nbsp;<span id=\"cloak24d18a8269fd5666d4f004f7ebc95b25\" style=\"margin: 0px; padding: 0px; font-size: 12.0144px;\"><a href=\"mailto:aufnahmeteam5-7@lvr-448.logineo.de\" style=\"margin: 0px; padding: 0px; font-size: 12.0156px; color: rgb(90, 149, 207); background-image: initial; background-position: initial; background-size: initial; background-repeat: initial; background-attachment: initial; background-origin: initial; background-clip: initial;\">aufnahmeteam5-7@lvr-448.logineo.de<\/a><\/span>,&nbsp;<span id=\"cloakdb4d1fe8cfcdbea8387d816cf0d4874b\" style=\"margin: 0px; padding: 0px; font-size: 12.0144px;\"><a href=\"mailto:aufnahmeteam8-10@lvr-448.logineo.de\" style=\"margin: 0px; padding: 0px; font-size: 12.0156px; color: rgb(90, 149, 207); background-image: initial; background-position: initial; background-size: initial; background-repeat: initial; background-attachment: initial; background-origin: initial; background-clip: initial;\">aufnahmeteam8-10@lvr-448.logineo.de<\/a><\/span>&nbsp;oder&nbsp;<span id=\"cloakf6ebd559ae8690f2afb6b3c13b161f96\" style=\"margin: 0px; padding: 0px; font-size: 12.0144px;\"><a href=\"mailto:aufnahmeteamEF-Q2@lvr-448.logineo.de\" style=\"margin: 0px; padding: 0px; font-size: 12.0156px; color: rgb(90, 149, 207); background-image: initial; background-position: initial; background-size: initial; background-repeat: initial; background-attachment: initial; background-origin: initial; background-clip: initial;\">aufnahmeteamEF-Q2@lvr-448.logineo.de<\/a><\/span>). Wir beraten Sch\u00fcler*innen, die Erziehungsberechtigten und Lehrer*innen.<\/p><p style=\"margin-bottom: 1em; font-size: 12.0132px; line-height: 1.5em; color: rgb(51, 51, 51); font-family: Verdana, Arial, Helvetica, sans-serif; font-style: normal; font-weight: 400;\">Die Eltern stellen \u00fcber die allgemeine Schule bei der zust\u00e4ndigen Schulaufsichtsbeh\u00f6rde einen Antrag auf Er\u00f6ffnung des Verfahrens zur Feststellung des Bedarfs an sonderp\u00e4dagogischer Unterst\u00fctzung. Dieser Antrag wird von der aktuell besuchten Schule an die f\u00fcr diese Schule zust\u00e4ndige Schulaufsicht weitergeleitet. Die Schulaufsichtsbeh\u00f6rde beauftragt daraufhin eine sonderp\u00e4dagogische Lehrkraft und eine Lehrkraft der allgemeinen Schule, die Art und Umfang der notwendigen F\u00f6rderung unter Ber\u00fccksichtigung der individuellen Situation der Sch\u00fclerin oder des Sch\u00fclers feststellen und in einem gemeinsamen Gutachten darstellen.<\/p><p style=\"margin-bottom: 1em; font-size: 12.0132px; line-height: 1.5em; color: rgb(51, 51, 51); font-family: Verdana, Arial, Helvetica, sans-serif; font-style: normal; font-weight: 400;\">Auf der Basis dieses Gutachtens und eventuell weiterer Unterlagen entscheidet die Schulaufsicht \u00fcber den sonderp\u00e4dagogischen F\u00f6rderschwerpunkt.<\/p><p style=\"margin-bottom: 1em; font-size: 12.0132px; line-height: 1.5em; color: rgb(51, 51, 51); font-family: Verdana, Arial, Helvetica, sans-serif; font-style: normal; font-weight: 400;\">Da dieser Prozess sich \u00fcber einen l\u00e4ngeren Zeitraum erstreckt, sollte der Antrag sp\u00e4testens bis zum&nbsp;<strong style=\"margin: 0px; padding: 0px; font-size: 12.0144px;\">30. September<\/strong>&nbsp;des Jahres vor dem Schulwechsel erfolgen.<\/p><h3 style=\"margin-bottom: 0.25em; font-size: 14.0144px; font-family: Verdana, Arial, Helvetica, sans-serif; font-weight: bold; color: rgb(85, 85, 85); font-style: normal;\">Termine des Aufnahmeverfahrens<\/h3><p style=\"margin-bottom: 1em; font-size: 12.0132px; line-height: 1.5em; color: rgb(51, 51, 51); font-family: Verdana, Arial, Helvetica, sans-serif; font-style: normal; font-weight: 400;\">Interessent*innen sollten sich m\u00f6glichst fr\u00fchzeitig und sp\u00e4testens mit dem Halbjahreszeugnis mit dem&nbsp;<a href=\"http:\/\/www.anna-freud-schule.de\/index.php\/component\/contact\/category\/13-aufnahme-sek1\" target=\"_blank\" rel=\"alternate noopener noreferrer\" style=\"margin: 0px; padding: 0px; font-size: 12.0144px; color: rgb(90, 149, 207); background-image: initial; background-position: initial; background-size: initial; background-repeat: initial; background-attachment: initial; background-origin: initial; background-clip: initial;\">Aufnahmeteam<\/a>&nbsp;in Verbindung setzen, um die Schule kennen zu lernen (E-Mail:&nbsp;<span id=\"cloakbe4949965df1037a76676a9c4fd9e7bb\" style=\"margin: 0px; padding: 0px; font-size: 12.0144px;\"><a href=\"mailto:aufnahmeteam5-7@lvr-448.logineo.de\" style=\"margin: 0px; padding: 0px; font-size: 12.0156px; color: rgb(90, 149, 207); background-image: initial; background-position: initial; background-size: initial; background-repeat: initial; background-attachment: initial; background-origin: initial; background-clip: initial;\">aufnahmeteam5-7@lvr-448.logineo.de<\/a><\/span>,&nbsp;<span id=\"cloakf5b8327dc564e9305ec03afe944382e7\" style=\"margin: 0px; padding: 0px; font-size: 12.0144px;\"><a href=\"mailto:aufnahmeteam8-10@lvr-448.logineo.de\" style=\"margin: 0px; padding: 0px; font-size: 12.0156px; color: rgb(90, 149, 207); background-image: initial; background-position: initial; background-size: initial; background-repeat: initial; background-attachment: initial; background-origin: initial; background-clip: initial;\">aufnahmeteam8-10@lvr-448.logineo.de<\/a><\/span>&nbsp;oder&nbsp;<span id=\"cloak3b3cf12c5fb3a14305fd987cda5258c1\" style=\"margin: 0px; padding: 0px; font-size: 12.0144px;\"><a href=\"mailto:aufnahmeteamEF-Q2@lvr-448.logineo.de\" style=\"margin: 0px; padding: 0px; font-size: 12.0156px; color: rgb(90, 149, 207); background-image: initial; background-position: initial; background-size: initial; background-repeat: initial; background-attachment: initial; background-origin: initial; background-clip: initial;\">aufnahmeteamEF-Q2@lvr-448.logineo.de<\/a><\/span>).<\/p><h3 style=\"margin-bottom: 0.25em; font-size: 14.0144px; font-family: Verdana, Arial, Helvetica, sans-serif; font-weight: bold; color: rgb(85, 85, 85); font-style: normal;\">Verfahren f\u00fcr Quereinsteiger<\/h3><p style=\"margin-bottom: 1em; font-size: 12.0132px; line-height: 1.5em; color: rgb(51, 51, 51); font-family: Verdana, Arial, Helvetica, sans-serif; font-style: normal; font-weight: 400;\">Interessent*innen sollten sich m\u00f6glichst fr\u00fchzeitig und sp\u00e4testens bis zum 31. M\u00e4rz mit dem&nbsp;<a href=\"http:\/\/www.anna-freud-schule.de\/index.php\/component\/contact\/category\/13-aufnahme-sek1\" style=\"margin: 0px; padding: 0px; font-size: 12.0144px; color: rgb(90, 149, 207); background-image: initial; background-position: initial; background-size: initial; background-repeat: initial; background-attachment: initial; background-origin: initial; background-clip: initial;\">Aufnahmeteam<\/a>&nbsp;in Verbindung setzen, um die Schule kennen zu lernen (E-Mail:&nbsp;<span id=\"cloak506ecc8305f20976d18a6989691516f2\" style=\"margin: 0px; padding: 0px; font-size: 12.0144px;\"><a href=\"mailto:aufnahmeteam5-7@lvr-448.logineo.de\" style=\"margin: 0px; padding: 0px; font-size: 12.0156px; color: rgb(90, 149, 207); background-image: initial; background-position: initial; background-size: initial; background-repeat: initial; background-attachment: initial; background-origin: initial; background-clip: initial;\">aufnahmeteam5-7@lvr-448.logineo.de<\/a><\/span>,&nbsp;<span id=\"cloaka7c52b0a17a0253089cdd85c0910fa84\" style=\"margin: 0px; padding: 0px; font-size: 12.0144px;\"><a href=\"mailto:aufnahmeteam8-10@lvr-448.logineo.de\" style=\"margin: 0px; padding: 0px; font-size: 12.0156px; color: rgb(90, 149, 207); background-image: initial; background-position: initial; background-size: initial; background-repeat: initial; background-attachment: initial; background-origin: initial; background-clip: initial;\">aufnahmeteam8-10@lvr-448.logineo.de<\/a><\/span>&nbsp;oder&nbsp;<span id=\"cloak976c7c363a9736082283a8f069f8a410\" style=\"margin: 0px; padding: 0px; font-size: 12.0144px;\"><a href=\"mailto:aufnahmeteamEF-Q2@lvr-448.logineo.de\" style=\"margin: 0px; padding: 0px; font-size: 12.0156px; color: rgb(90, 149, 207); background-image: initial; background-position: initial; background-size: initial; background-repeat: initial; background-attachment: initial; background-origin: initial; background-clip: initial;\">aufnahmeteamEF-Q2@lvr-448.logineo.de<\/a><\/span>).<br style=\"margin: 0px; padding: 0px; font-size: 12.0144px;\"><br style=\"margin: 0px; padding: 0px; font-size: 12.0144px;\"><\/p><p style=\"margin-bottom: 1em; font-size: 12.0132px; line-height: 1.5em; color: rgb(51, 51, 51); font-family: Verdana, Arial, Helvetica, sans-serif; font-style: normal; font-weight: 400;\">Im Laufe der ersten Kontaktaufnahme m\u00f6chten wir Sie bitten, den&nbsp;<a href=\"http:\/\/www.anna-freud-schule.de\/images\/dokumente\/AFS-Informationsbogen.pdf\" target=\"_blank\" rel=\"noopener noreferrer\" style=\"margin: 0px; padding: 0px; font-size: 12.0144px; color: rgb(90, 149, 207); background-image: initial; background-position: initial; background-size: initial; background-repeat: initial; background-attachment: initial; background-origin: initial; background-clip: initial;\"><strong style=\"margin: 0px; padding: 0px; font-size: 12.0156px;\">AFS-INFORMATIONSBOGEN&nbsp;<\/strong><\/a>downzuloaden, auszudrucken und ausgef\u00fcllt mit den darin angeforderten Unterlagen (in Kopie)&nbsp;<strong style=\"margin: 0px; padding: 0px; font-size: 12.0144px;\">bis sp\u00e4testens zur Ausgabe der Halbjahreszeugnisse (in Klasse 4)<\/strong>&nbsp;an die Postadresse der Schule zu senden:<\/p><p style=\"margin-bottom: 1em; font-size: 12.0132px; line-height: 1.5em; color: rgb(51, 51, 51); font-family: Verdana, Arial, Helvetica, sans-serif; font-style: normal; font-weight: 400; text-align: center;\"><strong style=\"margin: 0px; padding: 0px; font-size: 12.0144px;\">LVR-F\u00f6rderschule<\/strong><\/p><p style=\"margin-bottom: 1em; font-size: 12.0132px; line-height: 1.5em; color: rgb(51, 51, 51); font-family: Verdana, Arial, Helvetica, sans-serif; font-style: normal; font-weight: 400; text-align: center;\"><strong style=\"margin: 0px; padding: 0px; font-size: 12.0144px;\">Anna-Freud-Schule<\/strong><br style=\"margin: 0px; padding: 0px; font-size: 12.0144px;\"><strong style=\"margin: 0px; padding: 0px; font-size: 12.0144px;\">F\u00f6rderschwerpunkt K\u00f6rperliche und motorische Entwicklung (Sekundarstufe I und II)<\/strong><\/p><p style=\"margin-bottom: 1em; font-size: 12.0132px; line-height: 1.5em; color: rgb(51, 51, 51); font-family: Verdana, Arial, Helvetica, sans-serif; font-style: normal; font-weight: 400; text-align: center;\"><strong style=\"margin: 0px; padding: 0px; font-size: 12.0144px;\">Aufnahmeteam Sek I<\/strong><\/p><p style=\"margin-bottom: 1em; font-size: 12.0132px; line-height: 1.5em; color: rgb(51, 51, 51); font-family: Verdana, Arial, Helvetica, sans-serif; font-style: normal; font-weight: 400; text-align: center;\"><strong style=\"margin: 0px; padding: 0px; font-size: 12.0144px;\">Alter Milit\u00e4rring 96<\/strong><\/p><p style=\"margin-bottom: 1em; font-size: 12.0132px; line-height: 1.5em; color: rgb(51, 51, 51); font-family: Verdana, Arial, Helvetica, sans-serif; font-style: normal; font-weight: 400; text-align: center;\"><strong style=\"margin: 0px; padding: 0px; font-size: 12.0144px;\">50933 K\u00f6ln<\/strong><\/p><ul style=\"margin-bottom: 1em; margin-left: 1em; font-size: 12.0132px; line-height: 1.5em; color: rgb(51, 51, 51); font-family: Verdana, Arial, Helvetica, sans-serif; font-style: normal; font-weight: 400;\"><li style=\"margin-left: 0.8em; line-height: 1.5em; font-size: 12.0144px;\"><a href=\"http:\/\/www.anna-freud-schule.de\/images\/dokumente\/AFS-Informationsbogen.pdf\" target=\"_blank\" rel=\"noopener noreferrer\" style=\"margin: 0px; padding: 0px; font-size: 12.0156px; color: rgb(90, 149, 207); background-image: initial; background-position: initial; background-size: initial; background-repeat: initial; background-attachment: initial; background-origin: initial; background-clip: initial;\">Hier geht es zum AFS-INFORMATIONSBOGEN&nbsp;<\/a><strong style=\"margin: 0px; padding: 0px; font-size: 12.0156px;\">(<\/strong><em style=\"margin: 0px; padding: 0px; font-size: 12.0156px;\"><strong style=\"margin: 0px; padding: 0px; font-size: 12.0168px;\">Rechtsklick +&#8220;Ziel speichern unter&#8220;; PDF; 35 KB)<\/strong><\/em><\/li><\/ul><p style=\"margin-bottom: 1em; font-size: 12.0132px; line-height: 1.5em; color: rgb(51, 51, 51); font-family: Verdana, Arial, Helvetica, sans-serif; font-style: normal; font-weight: 400;\">Hinweis: Der AFS-Informationsbogen soll die erste Kontaktaufnahme zwischen Eltern und Aufnahmeteam erleichtern. Er dient&nbsp;<u style=\"margin: 0px; padding: 0px; font-size: 12.0144px;\">nicht<\/u>&nbsp;der Anmeldung!<\/p><p style=\"margin-bottom: 1em; font-size: 12.0132px; line-height: 1.5em; color: rgb(51, 51, 51); font-family: Verdana, Arial, Helvetica, sans-serif; font-style: normal; font-weight: 400;\">Eine M\u00f6glichkeit, die Schule kennen zu lernen, bietet sich jedes Jahr am&nbsp;<strong style=\"margin: 0px; padding: 0px; font-size: 12.0144px;\">Tag der offenen T\u00fcr<\/strong>&nbsp;im November (<a href=\"http:\/\/www.anna-freud-schule.de\/index.php\/dptermine\" target=\"_blank\" rel=\"noopener noreferrer\" style=\"margin: 0px; padding: 0px; font-size: 12.0144px; color: rgb(90, 149, 207); background-image: initial; background-position: initial; background-size: initial; background-repeat: initial; background-attachment: initial; background-origin: initial; background-clip: initial;\">Jahresterminplaner der AFS<\/a>). Bei dieser Gelegenheit kann ein individueller Gespr\u00e4chstermin vereinbart werden.<\/p><p style=\"margin-bottom: 1em; font-size: 12.0132px; line-height: 1.5em; color: rgb(51, 51, 51); font-family: Verdana, Arial, Helvetica, sans-serif; font-style: normal; font-weight: 400;\"><strong style=\"margin: 0px; padding: 0px; font-size: 12.0144px;\">\u00dcber die Aufnahme entscheidet die Schulleiterin auf Grundlage der APO-S I, \u00a71, Absatz (2).<\/strong><\/p><p style=\"margin-bottom: 1em; font-size: 12.0132px; line-height: 1.5em; color: rgb(51, 51, 51); font-family: Verdana, Arial, Helvetica, sans-serif; font-style: normal; font-weight: 400;\">Bewerben sich mehr Sch\u00fcler*innen an der LVR-Anna-Freud-Schule, als aufgenommen werden k\u00f6nnen, werden Geschwisterkinder bevorzugt. Grunds\u00e4tzlich wird ein ausgewogenes Geschlechterverh\u00e4ltnis angestrebt. Gegebenenfalls muss ein Losverfahren entscheiden.<\/p>\t\t\t\t\t\t\t\t<\/div>\n\t\t\t\t<\/div>\n\t\t\t\t\t<\/div>\n\t\t<\/div>\n\t\t\t\t\t<\/div>\n\t\t<\/section>\n\t\t\t\t<\/div>\n\t\t","protected":false},"excerpt":{"rendered":"<p>Zusammensetzung der Sch\u00fclerschaft In die Sekundarstufe I der LVR-Anna-Freud-Schule k\u00f6nnen aufgenommen werden: Sch\u00fcler*innen aus Grundschulen dem Gemeinsamen Lernen (GL) weiterf\u00fchrenden Schulen F\u00f6rderschulen Voraussetzungen 1. Der sonderp\u00e4dagogischen Unterst\u00fctzungsbedarfs im Bereich K\u00f6rperliche und motorische Entwicklung gem\u00e4\u00df der Verordnung AO-SF (von 2005, zuletzt ge\u00e4ndert durch Verordnung von 2016) ist Voraussetzung f\u00fcr die Aufnahme an der LVR-Anna-Freud-Schule. Zust\u00e4ndig ist [&hellip;]<\/p>\n","protected":false},"author":1,"featured_media":0,"comment_status":"open","ping_status":"open","sticky":false,"template":"","format":"standard","meta":{"site-sidebar-layout":"default","site-content-layout":"","ast-site-content-layout":"default","site-content-style":"default","site-sidebar-style":"default","ast-global-header-display":"","ast-banner-title-visibility":"","ast-main-header-display":"","ast-hfb-above-header-display":"","ast-hfb-below-header-display":"","ast-hfb-mobile-header-display":"","site-post-title":"","ast-breadcrumbs-content":"","ast-featured-img":"","footer-sml-layout":"","ast-disable-related-posts":"","theme-transparent-header-meta":"","adv-header-id-meta":"","stick-header-meta":"","header-above-stick-meta":"","header-main-stick-meta":"","header-below-stick-meta":"","astra-migrate-meta-layouts":"default","ast-page-background-enabled":"default","ast-page-background-meta":{"desktop":{"background-color":"var(--ast-global-color-4)","background-image":"","background-repeat":"repeat","background-position":"center center","background-size":"auto","background-attachment":"scroll","background-type":"","background-media":"","overlay-type":"","overlay-color":"","overlay-opacity":"","overlay-gradient":""},"tablet":{"background-color":"","background-image":"","background-repeat":"repeat","background-position":"center center","background-size":"auto","background-attachment":"scroll","background-type":"","background-media":"","overlay-type":"","overlay-color":"","overlay-opacity":"","overlay-gradient":""},"mobile":{"background-color":"","background-image":"","background-repeat":"repeat","background-position":"center center","background-size":"auto","background-attachment":"scroll","background-type":"","background-media":"","overlay-type":"","overlay-color":"","overlay-opacity":"","overlay-gradient":""}},"ast-content-background-meta":{"desktop":{"background-color":"var(--ast-global-color-5)","background-image":"","background-repeat":"repeat","background-position":"center center","background-size":"auto","background-attachment":"scroll","background-type":"","background-media":"","overlay-type":"","overlay-color":"","overlay-opacity":"","overlay-gradient":""},"tablet":{"background-color":"var(--ast-global-color-5)","background-image":"","background-repeat":"repeat","background-position":"center center","background-size":"auto","background-attachment":"scroll","background-type":"","background-media":"","overlay-type":"","overlay-color":"","overlay-opacity":"","overlay-gradient":""},"mobile":{"background-color":"var(--ast-global-color-5)","background-image":"","background-repeat":"repeat","background-position":"center center","background-size":"auto","background-attachment":"scroll","background-type":"","background-media":"","overlay-type":"","overlay-color":"","overlay-opacity":"","overlay-gradient":""}},"footnotes":""},"categories":[1],"tags":[],"class_list":["post-1479","post","type-post","status-publish","format-standard","hentry","category-uncategorized"],"_links":{"self":[{"href":"https:\/\/anna-freud-schule.de\/startseite\/wp-json\/wp\/v2\/posts\/1479","targetHints":{"allow":["GET"]}}],"collection":[{"href":"https:\/\/anna-freud-schule.de\/startseite\/wp-json\/wp\/v2\/posts"}],"about":[{"href":"https:\/\/anna-freud-schule.de\/startseite\/wp-json\/wp\/v2\/types\/post"}],"author":[{"embeddable":true,"href":"https:\/\/anna-freud-schule.de\/startseite\/wp-json\/wp\/v2\/users\/1"}],"replies":[{"embeddable":true,"href":"https:\/\/anna-freud-schule.de\/startseite\/wp-json\/wp\/v2\/comments?post=1479"}],"version-history":[{"count":4,"href":"https:\/\/anna-freud-schule.de\/startseite\/wp-json\/wp\/v2\/posts\/1479\/revisions"}],"predecessor-version":[{"id":1483,"href":"https:\/\/anna-freud-schule.de\/startseite\/wp-json\/wp\/v2\/posts\/1479\/revisions\/1483"}],"wp:attachment":[{"href":"https:\/\/anna-freud-schule.de\/startseite\/wp-json\/wp\/v2\/media?parent=1479"}],"wp:term":[{"taxonomy":"category","embeddable":true,"href":"https:\/\/anna-freud-schule.de\/startseite\/wp-json\/wp\/v2\/categories?post=1479"},{"taxonomy":"post_tag","embeddable":true,"href":"https:\/\/anna-freud-schule.de\/startseite\/wp-json\/wp\/v2\/tags?post=1479"}],"curies":[{"name":"wp","href":"https:\/\/api.w.org\/{rel}","templated":true}]}}