{"id":1797,"date":"2022-04-01T13:01:21","date_gmt":"2022-04-01T13:01:21","guid":{"rendered":"http:\/\/afs-test.de\/uncategorized\/aenderung-des-infektionsschutzgesetzes-2\/"},"modified":"2022-04-01T13:01:21","modified_gmt":"2022-04-01T13:01:21","slug":"aenderung-des-infektionsschutzgesetzes-2","status":"publish","type":"post","link":"https:\/\/anna-freud-schule.de\/startseite\/uncategorized\/aenderung-des-infektionsschutzgesetzes-2\/","title":{"rendered":"\u00c4nderung des Infektionsschutzgesetzes"},"content":{"rendered":"<p>Liebe Eltern und Erziehungsberechtigte,<br \/>liebe Sch\u00fclerinnen und Sch\u00fcler,<\/p>\n<p>wie Sie\/ihr alle wissen\/wisst, haben sich die Hygieneschutzma\u00dfnahmen an der Schule in NRW ge\u00e4ndert. In dieser Mail stelle ich die Vorgaben und W\u00fcnsche f\u00fcr der kommende Woche und f\u00fcr die Zeit nach den Osterferien zusammen.  <\/p>\n<p>Ab dem 4. April 2022:<\/p>\n<p>\u2013 Es besteht keine Maskenpflicht mehr. Wir w\u00fcnschen uns insbesondere mit Blick auf die hohe Anzahl von Corona-Erkrankungen von Sch\u00fcler*innen und Kolleg*innen an der AFS in den letzten Monaten, dass bis zu den Osterferien alle freiwillig und aus Solidarit\u00e4t weiterhin Masken tragen.<\/p>\n<p>Ab dem 25. April 2022 (wenn es keine unerwartete kritische Entwicklung des Infektionsgeschehens geben wird):<\/p>\n<p>\u2013 An der AFS werde keine Pool-Testung mehr durchgef\u00fchrt.<\/p>\n<p>\u2013 Sch\u00fcler*innen k\u00f6nnen sich anlassbezogen, z.B. bei Symptomen, testen. Der LVR rechnet mit einem Lolli-Selbsttest pro SuS pro Monat. Die Tests erhalten die Sch\u00fcler*innen in der Pflege.<\/p>\n<p>\u2013 F\u00fcr Sch\u00fcler*innen und Lehrer*innen gibt es keine Maskenpflicht in Innenr\u00e4umen. Da das Schultr\u00e4gerpersonal (Therapie, Pflege, Verwaltung) jedoch bis zum 25. Mai 2022 weiterhin zum Tragen einer Maske verpflichtet ist und erfahrungsgem\u00e4\u00df direkt nach Ferien Infektionen in der Schule h\u00e4ufiger waren als zu anderen Zeit, w\u00fcnsche wir uns, dass auch in der ersten Woche nach den Ferien alle Mitglieder der Schulgemeinde Masken tragen. Im Laufe dieser Woche entscheiden wir, was wir f\u00fcr den Monat Mai empfehlen.<\/p>\n<p>\u2013 Weiterhin gelten die AHA+L-Regelungen. Diese gewinnen an Bedeutung, wenn kaum noch Testungen stattfinden und die Masken fallen.<\/p>\n<p>Wir w\u00fcnschen uns sicherlich alle, dass der Alltag nun nach und nach weniger vom Corona-Virus bestimmt wird. In dieser Woche hatten wir erstmals seit Monaten nur einen Corona-Fall in der Sch\u00fclerschaft, der durch die Pool-Testung erkannt wurde.<\/p>\n<p>In der kommenden Woche werde ich ausf\u00fchrlich \u00fcber den tollen \u201eRun for Ukraine\u201c berichten. Ich danke jetzt schon f\u00fcr die enorm hohe Spendenbereitschaft der Elternschaft und die bebenso hohe Laufbereitschaft der Sch\u00fcler*innen. Wir sind alle sehr gespannt auf das Spendenergebnis.<\/p>\n<p>Ich w\u00fcnsche allen ein sch\u00f6nes Wochenende.<\/p>\n<p>Herzliche Gr\u00fc\u00dfe<\/p>\n<p>Elke Goldschmidtb\u00f6ing<\/p>","protected":false},"excerpt":{"rendered":"<p>Liebe Eltern und Erziehungsberechtigte,liebe Sch\u00fclerinnen und Sch\u00fcler, wie Sie\/ihr alle wissen\/wisst, haben sich die Hygieneschutzma\u00dfnahmen an der Schule in NRW ge\u00e4ndert. In dieser Mail stelle ich die Vorgaben und W\u00fcnsche f\u00fcr der kommende Woche und f\u00fcr die Zeit nach den Osterferien zusammen. Ab dem 4. April 2022: \u2013 Es besteht keine Maskenpflicht mehr. Wir w\u00fcnschen [&hellip;]<\/p>\n","protected":false},"author":0,"featured_media":0,"comment_status":"open","ping_status":"open","sticky":false,"template":"","format":"standard","meta":{"site-sidebar-layout":"default","site-content-layout":"","ast-site-content-layout":"default","site-content-style":"default","site-sidebar-style":"default","ast-global-header-display":"","ast-banner-title-visibility":"","ast-main-header-display":"","ast-hfb-above-header-display":"","ast-hfb-below-header-display":"","ast-hfb-mobile-header-display":"","site-post-title":"","ast-breadcrumbs-content":"","ast-featured-img":"","footer-sml-layout":"","ast-disable-related-posts":"","theme-transparent-header-meta":"","adv-header-id-meta":"","stick-header-meta":"","header-above-stick-meta":"","header-main-stick-meta":"","header-below-stick-meta":"","astra-migrate-meta-layouts":"default","ast-page-background-enabled":"default","ast-page-background-meta":{"desktop":{"background-color":"var(--ast-global-color-4)","background-image":"","background-repeat":"repeat","background-position":"center center","background-size":"auto","background-attachment":"scroll","background-type":"","background-media":"","overlay-type":"","overlay-color":"","overlay-opacity":"","overlay-gradient":""},"tablet":{"background-color":"","background-image":"","background-repeat":"repeat","background-position":"center center","background-size":"auto","background-attachment":"scroll","background-type":"","background-media":"","overlay-type":"","overlay-color":"","overlay-opacity":"","overlay-gradient":""},"mobile":{"background-color":"","background-image":"","background-repeat":"repeat","background-position":"center center","background-size":"auto","background-attachment":"scroll","background-type":"","background-media":"","overlay-type":"","overlay-color":"","overlay-opacity":"","overlay-gradient":""}},"ast-content-background-meta":{"desktop":{"background-color":"var(--ast-global-color-5)","background-image":"","background-repeat":"repeat","background-position":"center center","background-size":"auto","background-attachment":"scroll","background-type":"","background-media":"","overlay-type":"","overlay-color":"","overlay-opacity":"","overlay-gradient":""},"tablet":{"background-color":"var(--ast-global-color-5)","background-image":"","background-repeat":"repeat","background-position":"center center","background-size":"auto","background-attachment":"scroll","background-type":"","background-media":"","overlay-type":"","overlay-color":"","overlay-opacity":"","overlay-gradient":""},"mobile":{"background-color":"var(--ast-global-color-5)","background-image":"","background-repeat":"repeat","background-position":"center center","background-size":"auto","background-attachment":"scroll","background-type":"","background-media":"","overlay-type":"","overlay-color":"","overlay-opacity":"","overlay-gradient":""}},"footnotes":""},"categories":[1],"tags":[],"class_list":["post-1797","post","type-post","status-publish","format-standard","hentry","category-uncategorized"],"_links":{"self":[{"href":"https:\/\/anna-freud-schule.de\/startseite\/wp-json\/wp\/v2\/posts\/1797","targetHints":{"allow":["GET"]}}],"collection":[{"href":"https:\/\/anna-freud-schule.de\/startseite\/wp-json\/wp\/v2\/posts"}],"about":[{"href":"https:\/\/anna-freud-schule.de\/startseite\/wp-json\/wp\/v2\/types\/post"}],"replies":[{"embeddable":true,"href":"https:\/\/anna-freud-schule.de\/startseite\/wp-json\/wp\/v2\/comments?post=1797"}],"version-history":[{"count":0,"href":"https:\/\/anna-freud-schule.de\/startseite\/wp-json\/wp\/v2\/posts\/1797\/revisions"}],"wp:attachment":[{"href":"https:\/\/anna-freud-schule.de\/startseite\/wp-json\/wp\/v2\/media?parent=1797"}],"wp:term":[{"taxonomy":"category","embeddable":true,"href":"https:\/\/anna-freud-schule.de\/startseite\/wp-json\/wp\/v2\/categories?post=1797"},{"taxonomy":"post_tag","embeddable":true,"href":"https:\/\/anna-freud-schule.de\/startseite\/wp-json\/wp\/v2\/tags?post=1797"}],"curies":[{"name":"wp","href":"https:\/\/api.w.org\/{rel}","templated":true}]}}