{"id":2462,"date":"2022-06-10T14:10:46","date_gmt":"2022-06-10T14:10:46","guid":{"rendered":"http:\/\/afs-test.de\/uncategorized\/afs-schulmusical-jetzt-online\/"},"modified":"2022-06-10T14:10:46","modified_gmt":"2022-06-10T14:10:46","slug":"afs-schulmusical-jetzt-online","status":"publish","type":"post","link":"https:\/\/anna-freud-schule.de\/startseite\/uncategorized\/afs-schulmusical-jetzt-online\/","title":{"rendered":"AFS-Schulmusical jetzt online"},"content":{"rendered":"<p>Nach zweij\u00e4hriger Corona-Pause konnte im Mai 2022 endlich wieder eine Musiktheaterprodukion aufgef\u00fchrt werden. Mit insgesamt rund 80 Mitwirkenden aus Sch\u00fclerschaft und Mitarbeiterschaft war es das gr\u00f6\u00dfte AFS-Musical seit 2009. Beteiligt waren die Theater-AG, die Musical-AG, der Schulchor sowie alle Musikkurse der Oberstufe. Unterst\u00fctzt wurden wir zum achten Mal von der Ausbildungsabteilung des WDR und dem Deutschlandradio, deren Auszubildende das PZ f\u00fcr zwei Wochen mit viel Engagement und Know-how in ein professionelles Fernsehstudio verwandelten.<\/p>\n<p>Da es in diesem Jahr keine \u00f6ffentliche Auff\u00fchrung gab, freuen wir uns, Ihnen die Aufzeichnung der kompletten Veranstaltung online zur Verf\u00fcgung zu stellen. Auch an dieser Stelle danken wir noch einmal allen Beteiligten recht herzlich! Wir w\u00fcnschen viel Freude beim diesj\u00e4hrigen Musical!<\/p>\n<p><a href=\"http:\/\/www.anna-freud-schule.de\/index.php\/uebersicht\/19-anna-freud-schule\/692-musical\" target=\"_blank\" rel=\"noopener\">http:\/\/www.anna-freud-schule.de\/index.php\/uebersicht\/19-anna-freud-schule\/692-musical<\/a><\/p>\n<p>Bei Darstellungsproblemen k\u00f6nnen Sie das Video auch downloaden. Wir weisen Sie darauf hin, dass dieses Video nur zu privaten Zwecken verwendet werden darf.<\/p>","protected":false},"excerpt":{"rendered":"<p>Nach zweij\u00e4hriger Corona-Pause konnte im Mai 2022 endlich wieder eine Musiktheaterprodukion aufgef\u00fchrt werden. Mit insgesamt rund 80 Mitwirkenden aus Sch\u00fclerschaft und Mitarbeiterschaft war es das gr\u00f6\u00dfte AFS-Musical seit 2009. Beteiligt waren die Theater-AG, die Musical-AG, der Schulchor sowie alle Musikkurse der Oberstufe. Unterst\u00fctzt wurden wir zum achten Mal von der Ausbildungsabteilung des WDR und dem [&hellip;]<\/p>\n","protected":false},"author":0,"featured_media":0,"comment_status":"open","ping_status":"open","sticky":false,"template":"","format":"standard","meta":{"site-sidebar-layout":"default","site-content-layout":"","ast-site-content-layout":"default","site-content-style":"default","site-sidebar-style":"default","ast-global-header-display":"","ast-banner-title-visibility":"","ast-main-header-display":"","ast-hfb-above-header-display":"","ast-hfb-below-header-display":"","ast-hfb-mobile-header-display":"","site-post-title":"","ast-breadcrumbs-content":"","ast-featured-img":"","footer-sml-layout":"","ast-disable-related-posts":"","theme-transparent-header-meta":"","adv-header-id-meta":"","stick-header-meta":"","header-above-stick-meta":"","header-main-stick-meta":"","header-below-stick-meta":"","astra-migrate-meta-layouts":"default","ast-page-background-enabled":"default","ast-page-background-meta":{"desktop":{"background-color":"var(--ast-global-color-4)","background-image":"","background-repeat":"repeat","background-position":"center center","background-size":"auto","background-attachment":"scroll","background-type":"","background-media":"","overlay-type":"","overlay-color":"","overlay-opacity":"","overlay-gradient":""},"tablet":{"background-color":"","background-image":"","background-repeat":"repeat","background-position":"center center","background-size":"auto","background-attachment":"scroll","background-type":"","background-media":"","overlay-type":"","overlay-color":"","overlay-opacity":"","overlay-gradient":""},"mobile":{"background-color":"","background-image":"","background-repeat":"repeat","background-position":"center center","background-size":"auto","background-attachment":"scroll","background-type":"","background-media":"","overlay-type":"","overlay-color":"","overlay-opacity":"","overlay-gradient":""}},"ast-content-background-meta":{"desktop":{"background-color":"var(--ast-global-color-5)","background-image":"","background-repeat":"repeat","background-position":"center center","background-size":"auto","background-attachment":"scroll","background-type":"","background-media":"","overlay-type":"","overlay-color":"","overlay-opacity":"","overlay-gradient":""},"tablet":{"background-color":"var(--ast-global-color-5)","background-image":"","background-repeat":"repeat","background-position":"center center","background-size":"auto","background-attachment":"scroll","background-type":"","background-media":"","overlay-type":"","overlay-color":"","overlay-opacity":"","overlay-gradient":""},"mobile":{"background-color":"var(--ast-global-color-5)","background-image":"","background-repeat":"repeat","background-position":"center center","background-size":"auto","background-attachment":"scroll","background-type":"","background-media":"","overlay-type":"","overlay-color":"","overlay-opacity":"","overlay-gradient":""}},"footnotes":""},"categories":[1],"tags":[],"class_list":["post-2462","post","type-post","status-publish","format-standard","hentry","category-uncategorized"],"_links":{"self":[{"href":"https:\/\/anna-freud-schule.de\/startseite\/wp-json\/wp\/v2\/posts\/2462","targetHints":{"allow":["GET"]}}],"collection":[{"href":"https:\/\/anna-freud-schule.de\/startseite\/wp-json\/wp\/v2\/posts"}],"about":[{"href":"https:\/\/anna-freud-schule.de\/startseite\/wp-json\/wp\/v2\/types\/post"}],"replies":[{"embeddable":true,"href":"https:\/\/anna-freud-schule.de\/startseite\/wp-json\/wp\/v2\/comments?post=2462"}],"version-history":[{"count":0,"href":"https:\/\/anna-freud-schule.de\/startseite\/wp-json\/wp\/v2\/posts\/2462\/revisions"}],"wp:attachment":[{"href":"https:\/\/anna-freud-schule.de\/startseite\/wp-json\/wp\/v2\/media?parent=2462"}],"wp:term":[{"taxonomy":"category","embeddable":true,"href":"https:\/\/anna-freud-schule.de\/startseite\/wp-json\/wp\/v2\/categories?post=2462"},{"taxonomy":"post_tag","embeddable":true,"href":"https:\/\/anna-freud-schule.de\/startseite\/wp-json\/wp\/v2\/tags?post=2462"}],"curies":[{"name":"wp","href":"https:\/\/api.w.org\/{rel}","templated":true}]}}