{"id":2463,"date":"2022-06-21T16:49:26","date_gmt":"2022-06-21T16:49:26","guid":{"rendered":"http:\/\/afs-test.de\/uncategorized\/restplaetze-der-feriencamps-und-stadtranderholungen\/"},"modified":"2022-06-21T16:49:26","modified_gmt":"2022-06-21T16:49:26","slug":"restplaetze-der-feriencamps-und-stadtranderholungen","status":"publish","type":"post","link":"https:\/\/anna-freud-schule.de\/startseite\/uncategorized\/restplaetze-der-feriencamps-und-stadtranderholungen\/","title":{"rendered":"Restpl\u00e4tze der Feriencamps und Stadtranderholungen"},"content":{"rendered":"<p>Liebe Eltern und Erziehungsberechtige,<br \/>gerne leite ich Ihnen eine Mail von Elisabeth Linge, Gr\u00fcnderin von Inclutopia und langj\u00e4hriges Vorstandsmitglied der Schulpflegschaft K\u00f6ln und Sprecherin der F\u00f6rderschulen weiter.<\/p>\n<p>Herzliche Gr\u00fc\u00dfe<br \/>Elke Goldschmidtb\u00f6ing<\/p>\n<p>Liebe Eltern,<\/p>\n<p>mit guten Traditionen sollte man nicht brechen. Deswegen habe ich dieses Jahr f\u00fcr Sie dieses Jahr erneut die Restpl\u00e4tze der Feriencamps und Stadtranderholungen zusammengestellt, die offen f\u00fcr Kinder und Jugendliche mit Behinderung oder F\u00f6rderbedarf sind. Daf\u00fcr habe ich die Anbieter, das sind private und kirchliche Einrichtungen und Jugendzentren, angesprochen und sie gefragt, ob sie noch Restpl\u00e4tze haben und wie sie dazu stehen diese Kinder und Jugendlichen mitzunehmen.<\/p>\n<p>Die Zusammenstellung finden Sie unter diesem Link:<\/p>\n<p>https:\/\/www.inclutopia-koeln.de\/ferien-2022<\/p>\n<p>Wenn Sie noch Angebote kennen und diese Informationen hinzuf\u00fcgen m\u00f6gen, senden Sie mir eine E-Mail, damit ich sie erg\u00e4nzen kann.<\/p>\n<p>Um die Anliegen weiter zu verfolgen, die ich aus den Erfahrungen in der Arbeit rund um Behinderung und den Jahren der der Stadtschulpflegschaft mitgenommen habe, arbeite ich weiterhin ehrenamtlich f\u00fcr die Familien mit Kindern und Jugendlichen mit Behinderung.<\/p>\n<p>Daf\u00fcr habe ich die inclutopia gUG gegr\u00fcndet: Unsere Kernanliegen sind  Advocacy-Arbeit (Lobby-Arbeit), Empowerment und Networking  f\u00fcr Menschen mit Behinderung und Menschen mit Diskriminierungserfahrung und ihren Familien.<\/p>\n<p>Das erste Projekt der inclutopia kann nach derzeitiger Planung gegen Ende 2022 an den Start gehen und wird unmittelbar Kindern und Jugendlichen mit Behinderung und ihren Familien zugutekommen. Also Ihnen und Ihren Kindern \ud83d\ude0a<\/p>\n<p>Geplant sind die Erstellung eines barrierefreien Onlineportals, auf denen Sie und Ihre Kinder sich unkompliziert \u00fcber wohnortnahe Freizeit- und Sportangebote und M\u00f6glichkeiten des ehrenamtlichen Engagements informieren k\u00f6nnen.<\/p>\n<p>Leiten Sie bitte diese Nachricht weiter an die Klassenpflegschaften Ihrer Schule. Danke!<\/p>\n<p>Ihnen und Ihren Familien sch\u00f6ne Sommerferien!!<br \/>Beste Gr\u00fc\u00dfe<br \/>Elisabeth Linge<\/p>\n<p>************<br \/>Elisabeth Linge<br \/>+49 (0)2234 948082<br \/>+49 (0)176 24173246<br \/>elisabeth.linge@gmx.de<\/p>","protected":false},"excerpt":{"rendered":"<p>Liebe Eltern und Erziehungsberechtige,gerne leite ich Ihnen eine Mail von Elisabeth Linge, Gr\u00fcnderin von Inclutopia und langj\u00e4hriges Vorstandsmitglied der Schulpflegschaft K\u00f6ln und Sprecherin der F\u00f6rderschulen weiter. Herzliche Gr\u00fc\u00dfeElke Goldschmidtb\u00f6ing Liebe Eltern, mit guten Traditionen sollte man nicht brechen. Deswegen habe ich dieses Jahr f\u00fcr Sie dieses Jahr erneut die Restpl\u00e4tze der Feriencamps und Stadtranderholungen zusammengestellt, [&hellip;]<\/p>\n","protected":false},"author":0,"featured_media":0,"comment_status":"open","ping_status":"open","sticky":false,"template":"","format":"standard","meta":{"site-sidebar-layout":"default","site-content-layout":"","ast-site-content-layout":"default","site-content-style":"default","site-sidebar-style":"default","ast-global-header-display":"","ast-banner-title-visibility":"","ast-main-header-display":"","ast-hfb-above-header-display":"","ast-hfb-below-header-display":"","ast-hfb-mobile-header-display":"","site-post-title":"","ast-breadcrumbs-content":"","ast-featured-img":"","footer-sml-layout":"","ast-disable-related-posts":"","theme-transparent-header-meta":"","adv-header-id-meta":"","stick-header-meta":"","header-above-stick-meta":"","header-main-stick-meta":"","header-below-stick-meta":"","astra-migrate-meta-layouts":"default","ast-page-background-enabled":"default","ast-page-background-meta":{"desktop":{"background-color":"var(--ast-global-color-4)","background-image":"","background-repeat":"repeat","background-position":"center center","background-size":"auto","background-attachment":"scroll","background-type":"","background-media":"","overlay-type":"","overlay-color":"","overlay-opacity":"","overlay-gradient":""},"tablet":{"background-color":"","background-image":"","background-repeat":"repeat","background-position":"center center","background-size":"auto","background-attachment":"scroll","background-type":"","background-media":"","overlay-type":"","overlay-color":"","overlay-opacity":"","overlay-gradient":""},"mobile":{"background-color":"","background-image":"","background-repeat":"repeat","background-position":"center center","background-size":"auto","background-attachment":"scroll","background-type":"","background-media":"","overlay-type":"","overlay-color":"","overlay-opacity":"","overlay-gradient":""}},"ast-content-background-meta":{"desktop":{"background-color":"var(--ast-global-color-5)","background-image":"","background-repeat":"repeat","background-position":"center center","background-size":"auto","background-attachment":"scroll","background-type":"","background-media":"","overlay-type":"","overlay-color":"","overlay-opacity":"","overlay-gradient":""},"tablet":{"background-color":"var(--ast-global-color-5)","background-image":"","background-repeat":"repeat","background-position":"center center","background-size":"auto","background-attachment":"scroll","background-type":"","background-media":"","overlay-type":"","overlay-color":"","overlay-opacity":"","overlay-gradient":""},"mobile":{"background-color":"var(--ast-global-color-5)","background-image":"","background-repeat":"repeat","background-position":"center center","background-size":"auto","background-attachment":"scroll","background-type":"","background-media":"","overlay-type":"","overlay-color":"","overlay-opacity":"","overlay-gradient":""}},"footnotes":""},"categories":[1],"tags":[],"class_list":["post-2463","post","type-post","status-publish","format-standard","hentry","category-uncategorized"],"_links":{"self":[{"href":"https:\/\/anna-freud-schule.de\/startseite\/wp-json\/wp\/v2\/posts\/2463","targetHints":{"allow":["GET"]}}],"collection":[{"href":"https:\/\/anna-freud-schule.de\/startseite\/wp-json\/wp\/v2\/posts"}],"about":[{"href":"https:\/\/anna-freud-schule.de\/startseite\/wp-json\/wp\/v2\/types\/post"}],"replies":[{"embeddable":true,"href":"https:\/\/anna-freud-schule.de\/startseite\/wp-json\/wp\/v2\/comments?post=2463"}],"version-history":[{"count":0,"href":"https:\/\/anna-freud-schule.de\/startseite\/wp-json\/wp\/v2\/posts\/2463\/revisions"}],"wp:attachment":[{"href":"https:\/\/anna-freud-schule.de\/startseite\/wp-json\/wp\/v2\/media?parent=2463"}],"wp:term":[{"taxonomy":"category","embeddable":true,"href":"https:\/\/anna-freud-schule.de\/startseite\/wp-json\/wp\/v2\/categories?post=2463"},{"taxonomy":"post_tag","embeddable":true,"href":"https:\/\/anna-freud-schule.de\/startseite\/wp-json\/wp\/v2\/tags?post=2463"}],"curies":[{"name":"wp","href":"https:\/\/api.w.org\/{rel}","templated":true}]}}