{"id":2469,"date":"2022-06-24T10:22:24","date_gmt":"2022-06-24T10:22:24","guid":{"rendered":"http:\/\/afs-test.de\/startseite\/uncategorized\/schuljahresrueckblick\/"},"modified":"2022-06-24T10:22:24","modified_gmt":"2022-06-24T10:22:24","slug":"schuljahresrueckblick","status":"publish","type":"post","link":"https:\/\/anna-freud-schule.de\/startseite\/uncategorized\/schuljahresrueckblick\/","title":{"rendered":"Schuljahresr\u00fcckblick"},"content":{"rendered":"<p>Liebe Eltern und Erziehungsberechtigte,<br \/>liebe Sch\u00fclerinnen und Sch\u00fcler<\/p>\n<p>ein weiteres durch Corona beeinflusstes Schuljahr liegt hinter uns. Dennoch konnten vor allem im zweiten Halbjahr gemeinschaftliche Aktionen und Projekte stattfinden \u2013 fast wie vor der Pandemie. Wir haben alle gesp\u00fcrt, dass uns soziale und gemeinschaftliche Erlebnisse gefehlt haben. Die nachfolgenden Beitr\u00e4ge zeigen eine Auswahl davon.<br \/>Das gesamte Kollegium musste in diesem Jahr in allen Bereichen der Schule personelle Engp\u00e4sse kompensieren, wie wir das lange Zeit an unserer Schule nicht erlebt haben. In diesen besonderen Zeiten haben wir jedoch eine gro\u00dfe Solidarit\u00e4t im Kollegium gesp\u00fcrt und haben es daher so gut wie m\u00f6glich geschafft, den Unterricht aufrecht zu erhalten und den Sch\u00fcler*innen zudem vielf\u00e4ltige Lernangebote und eine gute Atmosph\u00e4re zu bieten.<br \/>Nun w\u00fcnschen wir Ihnen und euch viel Spa\u00df bei der Lekt\u00fcre, vor allem aber sch\u00f6ne, erholsame und sorgenfreie Sommerferien!<\/p>\n<p>Herzliche Gr\u00fc\u00dfe  <br \/>Elke Goldschmidtb\u00f6ing  Sebastian Muders<\/p>\n<p>1. Personalien<br \/><strong>Abg\u00e4nge<\/strong>:<br \/>Nach mehr als 34 Jahren verl\u00e4sst uns unsere Kollegin und Physiotherapeutin <strong>Heidi Dick <\/strong>zu den Sommerferien. Wir haben in all den Jahren gemeinsam gelacht, geweint und viel \u201ebewegt\u201c. Heidi war bei Kolleg*innen und Sch\u00fcler*innen durch ihre besonnene und immer freundliche Art sehr beliebt. Viele Jahre war sie Mitglied unseres Schulchores und hat so u.a. zu musikalisch sehr gelungenen Musical-Beitr\u00e4gen  und stimmungsvollen Abschlussgottesdiensten f\u00fcr 10er und Abiturient*innen beigetragen.  Als \u201eChorleiterin\u201c hat sie mit der Therapieabteilung oft das Lied \u201eViel Gl\u00fcck und viel Segen auf all deinen Wegen, Gesundheit und Frohsinn sei auch mit dabei\u201c ange-stimmt. Genau das w\u00fcnschen wir Heidi f\u00fcr ihren Ruhestand!<br \/><strong>Claudia Deventer<\/strong> wird zum 31. Juli 2022 in den Ruhestand gehen. Wir danken Claudia f\u00fcr ihren Einsatz insbesondere f\u00fcr ihre F\u00e4cher Franz\u00f6sisch und Philosophie und auch als Stufenleiterin und in der Lernberatung. Sie hat 10 Jahre an der AFS gearbeitet. <br \/>Auch <strong>Johanna Meyer<\/strong> verl\u00e4sst uns zum Schuljahreswechsel aus privaten Gr\u00fcnden und arbeitet k\u00fcnftig f\u00fcr das \u201eLandesf\u00f6rderzentrum Autistisches Verhalten\u201c in Schleswig-Holstein. Sie arbeitete seit dem Schuljahr 2015\/16 an der ASF. Wir danken ihr f\u00fcr ihren Einsatz insbesondere f\u00fcr ihre F\u00e4cher Deutsch und Englisch, als Klassenlehrerin und f\u00fcr die Formulierung der Texte f\u00fcr unser aktualisiertes Leitbild, die neue Homepage und als Schulkoordinatorin des IQB-Bildungstrends 2022.<br \/><strong>Eunike Meyer<\/strong> wird ab dem 5. August 2022 eine feste VOBASOF-Stelle antreten und uns daher nicht mehr als Vertretungskraft zur Verf\u00fcgung stehen. Wir danken ihr f\u00fcr ihren kurzen, jedoch intensiven Einsatz f\u00fcr die AFS.<br \/>Leider hat uns im Sekretariat Andrea Wibbe verlassen, da ihr befristeter Vertrag aus-gelaufen ist. Wir danken ihr f\u00fcr ihre Arbeit in der Verwaltung.<br \/><strong>Zug\u00e4nge<\/strong>:<br \/>Schon am 1. Mai 2022 haben 5 neue Referendar*innen den Dienst bei uns angetreten. Weil noch nicht alle Kolleg*innen mit den Namen vertraut sind hier nochmals zum Nachlesen: <strong>Justine Neuhaus<\/strong> (Ev.  Rel\/D\/KM SI), <strong>Tobias Hartl <\/strong>(Bio\/D\/KM SI), <strong>Somayeh Bastian<\/strong> (D\/KM SI\/II), <strong>Qendresa Berisha<\/strong> (M\/KM (NN) und <strong>Hannah Elisabeth Strobl<\/strong> (D\/KM SI\/II). Ab dem kommenden Schuljahr werden sie uns durch bedarfsdeckenden Unterricht unterst\u00fctzen.<br \/>Im Sekretariat konnte nach langem Warten mit <strong>Jennifer Packeisen<\/strong> eine Nachfolgerin f\u00fcr Dirk Vossenberger eingestellt werden. Da sie bereits vor ca. zwei Jahren als Ver-tretungskraft an der AFS war, hat sie sich schnell und gut eingearbeitet.<br \/>Eine feste Stelle an der AFS ab dem kommenden Schuljahr hat <strong>Laura Kay<\/strong> mit den F\u00e4chern Franz\u00f6sisch und Geschichte f\u00fcr die Sekundarstufe I und II. Sie hat im Jahr 2020 bei uns bereits als Vertretungslehrerin gearbeitet. Im Laufe des Monats August werden mit <strong>Marie Luise Kerner <\/strong>f\u00fcr das Fach Sport und <strong>Lennart Fischer<\/strong> f\u00fcr die F\u00e4cher Mathematik und Biologie zwei Vertretungskr\u00e4fte starten. Wir hoffen zudem zu Beginn des kommenden Schuljahres noch eine Lehrkraft f\u00fcr das Fach Englisch anstellen zu k\u00f6nnen. <\/p>\n<p>2. Jugend debattiert<br \/>Dieses Jahr konnte zum ersten Mal der schulinterne Wettbewerb von Jugend debattiert durchgef\u00fchrt werden. Bei spannenden Debatten konnten sich Ali Sagir (EF) in der Oberstufe und Raman Shataer (10c) in der Mittelstufe durchsetzen und qualifizierten sich somit f\u00fcr den Regionalwettbewerb. Auch wenn es die AFS nicht geschafft hat, eine*n Sch\u00fcler*in in die landesweite Debatte nach Oberhausen zu schicken, haben die Debattanten Ali und Lorenz Bodenburg (als Ersatz f\u00fcr Raman), sowie die Jurorinnen Nina Windhauer und Jule Mordhorst (Q1) sich gut geschlagen. Alle vier waren zusammen mit Herrn T\u00f6nnies und neun weiteren Schulen, aus ganz K\u00f6ln und Umgebung, bei dem besonderen Wettbewerb dabei, bei dem es nicht nur um den Sieg, sondern vor allem auch um den Spa\u00df am Debattieren ging.<\/p>\n<p>3. Podiumsdiskussion<br \/>Landtagswahl 2022, das hei\u00dft es war wieder Zeit f\u00fcr eine Podiumsdiskussion an der AFS. Am 26.04.22 stellten sich Dr. Eva-Maria Ritter (FDP), Laura Claire Lo-Scheider (Volt), Frank Jablonski (B\u00fcndnis 90\/Die Gr\u00fcnen) sowie Jochen Ott (SPD) den Fragen der Sch\u00fcler*innen.   <br \/>F\u00fcr die Anna-Freud-Schule war dies ein ganz besonderer Tag, da dies die erste ge-meinsame Veranstaltung im PZ seit Pandemiebeginn darstelle. Moderiert wurde sie von Lennart Sch\u00fcrmann (Q1), der den Politiker*innen ordentlich auf den Zahn f\u00fchlte. Es ging auch direkt ins Eingemachte. Die drei gro\u00dfen, im Vorfeld festgelegten Themen Bildung, Nachhaltigkeit &amp; Klimaschutz und Infrastruktur sorgten wie gew\u00fcnscht f\u00fcr rege Diskussionen, die von den dr\u00e4ngenden Fragen der Sch\u00fcler*innen befeuert wurde. Von Bildungsthemen, wie dem sp\u00fcrbaren Lehrer*innenmangel und dem Fehlen weiterer F\u00f6rderschulen in NRW, die zum Abitur f\u00fchren \u00fcber Fragen zur Nachhaltigkeit, die sich um M\u00fcll in den Innenst\u00e4dten und st\u00e4dtischen Gew\u00e4ssern oder auch die Energiepolitik im Lichte des Kriegs in der Ukraine drehten, bis hin zum Feld der Infrastruktur, dem Ausbau von Windkraftr\u00e4dern und des Schienennetztes, wurden alle kritischen Fragen der Sch\u00fcler*innen diskutiert. <\/p>\n<p>4. Juniorwahl<br \/>Nach der Podiumsdiskussion und einem schulinternen Workshop zum Thema \u201eLandtagswahlen in NRW\u201c fand dieses Jahr zum ersten Mal die Juniorwahl anl\u00e4sslich der Landtagswahl statt. Damit reiht sich die Veranstaltung an die erfolg-reiche Teilnahme bei der Juniorwahl zur Bundestagswahl im letzten Jahr an.<br \/>Bei einer Wahlbeteiligung von \u00fcber 80% w\u00e4hlten unsere Sch\u00fcler*innen v.a. gr\u00fcn, sozialdemokratisch und liberal.<br \/>Die Erststimme ging mehrheitlich an Frank Jablonski von den GR\u00dcNEN (37,9%) vor Lisa Steinmann von der SPD (20,5%) und Dr. Eva Maria Ritter von der FDP (14,4%).<br \/>Bei der Zweitstimme punkteten bei den Sch\u00fcler*innen der AFS ebenfalls die GR\u00dcNEN (39,8%) vor der SPD (16,8%), VOLT (9,7%), der FDP (8,2%) und der CDU (5,6%). <\/p>\n<p>5. AFS Studio Caf\u00e9 \u2013 Musiktheater 2022<br \/>Nach zweij\u00e4hriger Corona-Pause konnte im Mai 2022 endlich wieder eine Musiktheaterprodukion aufgef\u00fchrt werden. Mit insgesamt rund 80 Mitwirkenden aus Sch\u00fclerschaft und Mit-arbeiterschaft war es das gr\u00f6\u00dfte AFS-Musical seit 2009. Beteiligt waren die Theater-AG, die Musical-AG, der Schulchor sowie alle Musikkurse der Oberstufe. Unterst\u00fctzt wurden wir zum achten Mal von der Ausbildungsabteilung des WDR und dem Deutschlandradio, deren Auszubildende das PZ f\u00fcr zwei Wochen mit viel Engagement und Know-how in ein professio-nelles Fernsehstudio verwandelten.<br \/>Die Geschichte spielt in einem Wiener Kaffeehaus. Die Kellnerinnen erleben m\u00e4chtig viele absurde Situationen mit ihren lieben G\u00e4sten. Sch\u00f6n, dass sie sich immer wieder musikalische Pausen g\u00f6nnen k\u00f6nnen, um ihrem Arbeitsstress zu entfliehen.<br \/>Da es in diesem Jahr keine \u00f6ffentliche Auff\u00fchrung gab, freuen wir uns, euch die Aufzeichnung der kompletten Veranstaltung online zur Verf\u00fcgung zu stellen. Auch an dieser Stelle danken wir noch einmal allen Beteiligten recht herzlich! Wir w\u00fcnschen viel Freude beim diesj\u00e4hrigen Musical!<a href=\"http:\/\/www.anna-freud-schule.de\/index.php\/uebersicht\/19-anna-freud-schule\/692-musical\"><br \/><\/a><a href=\"http:\/\/www.anna-freud-schule.de\/index.php\/uebersicht\/19-anna-freud-schule\/692-musical\">http:\/\/www.anna-freud-schule.de\/index.php\/uebersicht\/19-anna-freud-schule\/692-musical<\/a><br \/>Bei Darstellungsproblemen kann man das Video auch downloaden. Wir weisen Sie darauf hin, dass dieses Video nur zu privaten Zwecken verwendet werden darf.<\/p>\n<p>6. Hart gek\u00e4mpft \u2013 Silber gewonnen!<br \/>Nach den gro\u00dfen Erfolgen in der Lan-desmeisterschaft konnte unser Rollstuhlbasketball-Team die LVR-Anna-Freud-Schule und ganz NRW auch bei den Deutschen Meisterschaften vertreten.<br \/>Mit toller Stimmung und vollem Einsatz kamen Kris Adolphs, Peter Br\u00fcning, Lorenz Bodenburg, Alessio Autieri, Joel Schr\u00f6der, Benjamin Rau und Timo Schmiesing zu einem starken Ergebnis!<br \/>Mathematisch nicht m\u00f6glich, im Sport manchmal doch: Das Team gab mehr als 100%! Dies lie\u00df sich auch an den geschundenen H\u00e4nden mancher Spieler ablesen. Unser Co-Trainer und Physiotherapeut Dominic Welz hatte alle H\u00e4nde voll zu tun, die Spieler zwischen den Spielen wieder fit zu bekommen.<br \/>Nach dem entscheidenden Spiel gegen Mecklenburg-Vorpommern, in dem unsere Jungs den Gegner 30 zu 18 an die Wand spielten, stand der Einzug ins Finale fest.<br \/>Hier traf das Team der AFS mit Berlin auf einen scheinbar \u00fcberstarken Gegner. Trotz-dem konnte unser Team bis zum 8:8 gegenhalten und dem gegnerischen Trainer die Schwei\u00dfperlen auf die Stirn treiben. Dieser musste f\u00fcr sein Team eine Auszeit nehmen. Erst danach gewann Berlin in einem packenden Spiel 37:20.<\/p>\n<p>7. Run for Ukraine \u2013 Jeder Meter hilft<br \/>Gemeinsam f\u00fcr den Frieden! Unter diesem Motto setzte sich die gesamte Schulgemeinde der LVR-Anna-Freud-Schule auf Initiative des Gesellschaftswissenschafts-Kurses der Klassen 8 und der AG Internationales gegen Gewalt und gegen den entsetzlichen Krieg in der Ukraine ein.  <br \/>Am 28.03.22 organisierte die LVR -Anna-Freud-Schule einen Sponsorenlauf auf den Vorwiesen des Rhein-Energie-Stadions in K\u00f6ln M\u00fcngersdorf. Zusammen liefen wir, alle Sch\u00fcler*innen und Mitarbeiter*innen, motiviert, um viel Geld f\u00fcr die Menschen in der Ukraine zu sammeln und ein Zeichen f\u00fcr den Frieden zu setzen. Egal ob zu Fu\u00df mit E-Rolli oder Gehhilfen, alle gaben ihr Bestes, da jede Runde von selbstgesuchten Sponsoren finanziell unterst\u00fctzt wurde.<br \/>Der Tag des Sponsorenlaufs war gepr\u00e4gt von gemischten Gef\u00fchlen: Einerseits Sonnenschein und das tolle Gemeinschaftsgef\u00fchl der AFS, andererseits waren unsere Gedanken bei den Ukrainer*innen, welche momentan eine schwere Zeit durchleben m\u00fcssen. Durch den Sponsorenlauf konnten wir eine gro\u00dfe Menge Geld auftreiben, um nicht nur zusehen zu m\u00fcssen, wie Tausenden von Menschen ihre Heimat, Familie, Freunde und der Frieden entrissen wurde, sondern um auch handeln zu k\u00f6nnen.<br \/>Das Geld soll an das Blau-Gelbe Kreuz und die evangelische Kirchengemeinde in K\u00f6ln Ehrenfeld gespendet werden. Wir hoffen, dass wir mit diesen Spenden einen kleinen unterst\u00fctzenden Beitrag in diesen schweren Zeiten leisten k\u00f6nnen.<br \/>Sehr herzlich bedanken wir uns bei der gesamten Sch\u00fclerschaft und dem Kollegium f\u00fcr den gro\u00dfen Einsatz, den alle gezeigt haben und nat\u00fcrlich bei allen Sponsor*innen, f\u00fcr die gro\u00dfz\u00fcgige Unterst\u00fctzung!<\/p>\n<p>8. Internationale Arbeit an der Anna-Freud-Schule<br \/>Erster Sch\u00fcleraustausch Sollerbruns(SE) und K\u00f6ln<br \/>Im September kommen vier Sch\u00fclerinnen aus Schweden von unserer Partnerschule f\u00fcr eine Woche zu uns. Austauschpartner sind: Mara Tritz, Paula von Schwartzenberg, Dana Weiland und Laetizia Schannor. <br \/>Unsere Sch\u00fcler werden im kommenden Jahr nach Schweden reisen und dort in die Schule gehen. Die genaue Zeit muss noch gekl\u00e4rt werden. <\/p>\n<p>Sch\u00fclerbegegnung Zwolle(NL) und K\u00f6ln<br \/>Nach einer coronabedingten langen Pause, fand am 10.06.2022 wieder eine Sch\u00fcler-begegnung statt. Eingebunden war die Stufe 8. Ein Gegenbesuch in Zwolle wird geplant. <\/p>\n<p>Schule Global \u2013 Gemeinsam f\u00fcr mehr Vielfalt <br \/>Seit einem Jahr haben wir das Schulsiegel \u201eSchule Global\u201c und k\u00f6nnen auf zahlreiche Materialien und Workshops f\u00fcr Lehrer und Sch\u00fcler in unterschiedlichen globalen Themenbereichen teilnehmen. Wir haben einen eigenen Coach, der uns hilft, Projekte zu entwickeln, planen und durchzuf\u00fchren. https:\/\/www.schule-global.de  <\/p>\n<p>Erasmus+<br \/>So langsam nimmt das neue Format Erasmus+ 2022-2027 Fahrt auf und ich fange an die Fortbildungen zu planen. Die erste Gruppe f\u00e4hrt im Oktober 2022 zu einer Fortbildung \u201eindividuelles Lernen an schwedischen Schulen\u201c nach Stockholm.  Sobald weitere Fortbildungen gebucht sind, werde ich mich bei euch melden.<br \/>Ihr k\u00f6nnt mich jederzeit zu dem Programm Erasmus+ ansprechen. <\/p>\n<p><\/p>","protected":false},"excerpt":{"rendered":"<p>Liebe Eltern und Erziehungsberechtigte,liebe Sch\u00fclerinnen und Sch\u00fcler ein weiteres durch Corona beeinflusstes Schuljahr liegt hinter uns. Dennoch konnten vor allem im zweiten Halbjahr gemeinschaftliche Aktionen und Projekte stattfinden \u2013 fast wie vor der Pandemie. Wir haben alle gesp\u00fcrt, dass uns soziale und gemeinschaftliche Erlebnisse gefehlt haben. Die nachfolgenden Beitr\u00e4ge zeigen eine Auswahl davon.Das gesamte Kollegium [&hellip;]<\/p>\n","protected":false},"author":0,"featured_media":0,"comment_status":"open","ping_status":"open","sticky":false,"template":"","format":"standard","meta":{"site-sidebar-layout":"default","site-content-layout":"","ast-site-content-layout":"default","site-content-style":"default","site-sidebar-style":"default","ast-global-header-display":"","ast-banner-title-visibility":"","ast-main-header-display":"","ast-hfb-above-header-display":"","ast-hfb-below-header-display":"","ast-hfb-mobile-header-display":"","site-post-title":"","ast-breadcrumbs-content":"","ast-featured-img":"","footer-sml-layout":"","ast-disable-related-posts":"","theme-transparent-header-meta":"","adv-header-id-meta":"","stick-header-meta":"","header-above-stick-meta":"","header-main-stick-meta":"","header-below-stick-meta":"","astra-migrate-meta-layouts":"default","ast-page-background-enabled":"default","ast-page-background-meta":{"desktop":{"background-color":"var(--ast-global-color-4)","background-image":"","background-repeat":"repeat","background-position":"center center","background-size":"auto","background-attachment":"scroll","background-type":"","background-media":"","overlay-type":"","overlay-color":"","overlay-opacity":"","overlay-gradient":""},"tablet":{"background-color":"","background-image":"","background-repeat":"repeat","background-position":"center center","background-size":"auto","background-attachment":"scroll","background-type":"","background-media":"","overlay-type":"","overlay-color":"","overlay-opacity":"","overlay-gradient":""},"mobile":{"background-color":"","background-image":"","background-repeat":"repeat","background-position":"center center","background-size":"auto","background-attachment":"scroll","background-type":"","background-media":"","overlay-type":"","overlay-color":"","overlay-opacity":"","overlay-gradient":""}},"ast-content-background-meta":{"desktop":{"background-color":"var(--ast-global-color-5)","background-image":"","background-repeat":"repeat","background-position":"center center","background-size":"auto","background-attachment":"scroll","background-type":"","background-media":"","overlay-type":"","overlay-color":"","overlay-opacity":"","overlay-gradient":""},"tablet":{"background-color":"var(--ast-global-color-5)","background-image":"","background-repeat":"repeat","background-position":"center center","background-size":"auto","background-attachment":"scroll","background-type":"","background-media":"","overlay-type":"","overlay-color":"","overlay-opacity":"","overlay-gradient":""},"mobile":{"background-color":"var(--ast-global-color-5)","background-image":"","background-repeat":"repeat","background-position":"center center","background-size":"auto","background-attachment":"scroll","background-type":"","background-media":"","overlay-type":"","overlay-color":"","overlay-opacity":"","overlay-gradient":""}},"footnotes":""},"categories":[1],"tags":[],"class_list":["post-2469","post","type-post","status-publish","format-standard","hentry","category-uncategorized"],"_links":{"self":[{"href":"https:\/\/anna-freud-schule.de\/startseite\/wp-json\/wp\/v2\/posts\/2469","targetHints":{"allow":["GET"]}}],"collection":[{"href":"https:\/\/anna-freud-schule.de\/startseite\/wp-json\/wp\/v2\/posts"}],"about":[{"href":"https:\/\/anna-freud-schule.de\/startseite\/wp-json\/wp\/v2\/types\/post"}],"replies":[{"embeddable":true,"href":"https:\/\/anna-freud-schule.de\/startseite\/wp-json\/wp\/v2\/comments?post=2469"}],"version-history":[{"count":0,"href":"https:\/\/anna-freud-schule.de\/startseite\/wp-json\/wp\/v2\/posts\/2469\/revisions"}],"wp:attachment":[{"href":"https:\/\/anna-freud-schule.de\/startseite\/wp-json\/wp\/v2\/media?parent=2469"}],"wp:term":[{"taxonomy":"category","embeddable":true,"href":"https:\/\/anna-freud-schule.de\/startseite\/wp-json\/wp\/v2\/categories?post=2469"},{"taxonomy":"post_tag","embeddable":true,"href":"https:\/\/anna-freud-schule.de\/startseite\/wp-json\/wp\/v2\/tags?post=2469"}],"curies":[{"name":"wp","href":"https:\/\/api.w.org\/{rel}","templated":true}]}}