{"id":2470,"date":"2022-08-09T11:30:04","date_gmt":"2022-08-09T11:30:04","guid":{"rendered":"http:\/\/afs-test.de\/startseite\/uncategorized\/brief-der-schulministerin-fellner-zum-handlungskonzept-corona\/"},"modified":"2022-08-09T11:30:04","modified_gmt":"2022-08-09T11:30:04","slug":"brief-der-schulministerin-fellner-zum-handlungskonzept-corona","status":"publish","type":"post","link":"https:\/\/anna-freud-schule.de\/startseite\/uncategorized\/brief-der-schulministerin-fellner-zum-handlungskonzept-corona\/","title":{"rendered":"Brief der Schulministerin Fellner zum Handlungskonzept Corona"},"content":{"rendered":"<p>Liebe Eltern und Erziehungsberechtigte,<br \/>liebe Sch\u00fclerinnen und Sch\u00fcler,<\/p>\n<p>morgen starten wir gemeinsam in das Schuljahr 2022\/23. Wir freuen uns sehr darauf mit unseren Klassen und Kursen nach einer sch\u00f6nen und langen Sommerpause wieder gemeinsam zu lernen. Damit dies m\u00f6glichst sicher abl\u00e4uft, muss es auch f\u00fcr dieses Schuljahr ein Konzept zum Umgang mit Corona geben. Unsere neue Schulministerin, Dorothee Fellner hatte ein Handlungskonzept Corona vor etwa zwei Wochen \u00fcber die Presse ver\u00f6ffentlicht. Zudem hat Sie die Schulen gebeten einen Brief an die Eltern zu senden. Diesen Brief k\u00f6nnen Sie\/k\u00f6nnt ihr \u00fcber den folgenden Link lesen.<\/p>\n<p><a href=\"http:\/\/anna-freud-schule.de\/images\/afs\/NEWS\/2022\/BriefderMinisterin.pdf\">http:\/\/anna-freud-schule.de\/images\/afs\/NEWS\/2022\/BriefderMinisterin.pdf<\/a><\/p>\n<p>Bei Fragen rund um das Thema Corona bitte ich Sie \u2013 wie es auch gut in den vergangenen beiden Schuljahren erfolgt ist \u2013 mit den Klassen- und Stufenteam per Mail Kontakt aufzunehmen und best\u00e4tigte Corona-F\u00e4lle \u00fcber das Sekretariat (anna-freud-schule@lvr.de) bei der Schulleitung zu melden. Morgen k\u00f6nnen sich alle Sch\u00fcler*innen in der Schule freiwillig testen und erhalten von den Klassen- und Stufenteams f\u00fcnf Tests f\u00fcr den Monat August. Mit diesen Tests sollen die Sch\u00fcler*innen sich bei Symptomen, die auf Covid-Erkrankung  hindeuten k\u00f6nnten, zu Hause vor dem Weg in die Schule testen. F\u00fcr die Tests muss im Mundraum Speichel entnommen werden. Eine genaue Gebrauchsanweisung liegt bei.<\/p>\n<p>Zwei weitere Informationen aus dem Sekretariat zum Bestellsystem des Mittagessens \u201eMen\u00fcPartner\u201c und zur Sch\u00fcler-Bef\u00f6rderung m\u00f6chte ich Ihnen auf diesem Weg noch weiter geben:<\/p>\n<p>Bestellsystem Mittagessen<br \/>Men\u00fcPartner hat die erforderlichen Umstellungen vorgenommen. Leider gibt es nach wie vor Probleme mit der Onlineregistrierung der Anna-Freud-Schule K\u00f6ln, da eine Bankverbindung abgefragt wird.<br \/>Sollten Sie dennoch Probleme bei der Registrierung haben, so k\u00f6nnen Sie sich gerne jederzeit an den Kundenservice von Men\u00fcPartner unter 030\/54004485 (Mo-Fr 07:00 Uhr bis 16:00 Uhr) wenden. Vielen Dank f\u00fcr die Geduld!<\/p>\n<p>Sch\u00fclerspezialverkehr \/ Bef\u00f6rderung durch den LVR<br \/>Der Gro\u00dfteil der Planung ist abgeschlossen \u2013 es sind nur noch einzelne Ausschreibungen offen. Sollte Ihnen noch keine Information zum Bef\u00f6rderungsunternehmen vorliegen, dann melden Sie sich bitte telefonisch oder per E-Mail im Sekretariat. Unsere Sekret\u00e4rin Frau Packeisen hilft Ihnen dann gerne weiter.<\/p>\n<p>Nun w\u00fcnsche ich all unseren Sch\u00fcler*innen morgen einen guten Start ins Schuljahr 2022\/23.<\/p>\n<p>Herzliche Gr\u00fc\u00dfe<br \/>Elke Goldschmidtb\u00f6ing<\/p>","protected":false},"excerpt":{"rendered":"<p>Liebe Eltern und Erziehungsberechtigte,liebe Sch\u00fclerinnen und Sch\u00fcler, morgen starten wir gemeinsam in das Schuljahr 2022\/23. Wir freuen uns sehr darauf mit unseren Klassen und Kursen nach einer sch\u00f6nen und langen Sommerpause wieder gemeinsam zu lernen. Damit dies m\u00f6glichst sicher abl\u00e4uft, muss es auch f\u00fcr dieses Schuljahr ein Konzept zum Umgang mit Corona geben. Unsere neue [&hellip;]<\/p>\n","protected":false},"author":0,"featured_media":0,"comment_status":"open","ping_status":"open","sticky":false,"template":"","format":"standard","meta":{"site-sidebar-layout":"default","site-content-layout":"","ast-site-content-layout":"default","site-content-style":"default","site-sidebar-style":"default","ast-global-header-display":"","ast-banner-title-visibility":"","ast-main-header-display":"","ast-hfb-above-header-display":"","ast-hfb-below-header-display":"","ast-hfb-mobile-header-display":"","site-post-title":"","ast-breadcrumbs-content":"","ast-featured-img":"","footer-sml-layout":"","ast-disable-related-posts":"","theme-transparent-header-meta":"","adv-header-id-meta":"","stick-header-meta":"","header-above-stick-meta":"","header-main-stick-meta":"","header-below-stick-meta":"","astra-migrate-meta-layouts":"default","ast-page-background-enabled":"default","ast-page-background-meta":{"desktop":{"background-color":"var(--ast-global-color-4)","background-image":"","background-repeat":"repeat","background-position":"center center","background-size":"auto","background-attachment":"scroll","background-type":"","background-media":"","overlay-type":"","overlay-color":"","overlay-opacity":"","overlay-gradient":""},"tablet":{"background-color":"","background-image":"","background-repeat":"repeat","background-position":"center center","background-size":"auto","background-attachment":"scroll","background-type":"","background-media":"","overlay-type":"","overlay-color":"","overlay-opacity":"","overlay-gradient":""},"mobile":{"background-color":"","background-image":"","background-repeat":"repeat","background-position":"center center","background-size":"auto","background-attachment":"scroll","background-type":"","background-media":"","overlay-type":"","overlay-color":"","overlay-opacity":"","overlay-gradient":""}},"ast-content-background-meta":{"desktop":{"background-color":"var(--ast-global-color-5)","background-image":"","background-repeat":"repeat","background-position":"center center","background-size":"auto","background-attachment":"scroll","background-type":"","background-media":"","overlay-type":"","overlay-color":"","overlay-opacity":"","overlay-gradient":""},"tablet":{"background-color":"var(--ast-global-color-5)","background-image":"","background-repeat":"repeat","background-position":"center center","background-size":"auto","background-attachment":"scroll","background-type":"","background-media":"","overlay-type":"","overlay-color":"","overlay-opacity":"","overlay-gradient":""},"mobile":{"background-color":"var(--ast-global-color-5)","background-image":"","background-repeat":"repeat","background-position":"center center","background-size":"auto","background-attachment":"scroll","background-type":"","background-media":"","overlay-type":"","overlay-color":"","overlay-opacity":"","overlay-gradient":""}},"footnotes":""},"categories":[1],"tags":[],"class_list":["post-2470","post","type-post","status-publish","format-standard","hentry","category-uncategorized"],"_links":{"self":[{"href":"https:\/\/anna-freud-schule.de\/startseite\/wp-json\/wp\/v2\/posts\/2470","targetHints":{"allow":["GET"]}}],"collection":[{"href":"https:\/\/anna-freud-schule.de\/startseite\/wp-json\/wp\/v2\/posts"}],"about":[{"href":"https:\/\/anna-freud-schule.de\/startseite\/wp-json\/wp\/v2\/types\/post"}],"replies":[{"embeddable":true,"href":"https:\/\/anna-freud-schule.de\/startseite\/wp-json\/wp\/v2\/comments?post=2470"}],"version-history":[{"count":0,"href":"https:\/\/anna-freud-schule.de\/startseite\/wp-json\/wp\/v2\/posts\/2470\/revisions"}],"wp:attachment":[{"href":"https:\/\/anna-freud-schule.de\/startseite\/wp-json\/wp\/v2\/media?parent=2470"}],"wp:term":[{"taxonomy":"category","embeddable":true,"href":"https:\/\/anna-freud-schule.de\/startseite\/wp-json\/wp\/v2\/categories?post=2470"},{"taxonomy":"post_tag","embeddable":true,"href":"https:\/\/anna-freud-schule.de\/startseite\/wp-json\/wp\/v2\/tags?post=2470"}],"curies":[{"name":"wp","href":"https:\/\/api.w.org\/{rel}","templated":true}]}}