{"id":2494,"date":"2022-09-01T08:43:43","date_gmt":"2022-09-01T08:43:43","guid":{"rendered":"http:\/\/afs-test.de\/startseite\/uncategorized\/online-elternabend-studien-und-berufsorientierung-in-der-sekundarstuge-ii\/"},"modified":"2022-11-14T20:38:52","modified_gmt":"2022-11-14T20:38:52","slug":"online-elternabend-studien-und-berufsorientierung-in-der-sekundarstuge-ii","status":"publish","type":"post","link":"https:\/\/anna-freud-schule.de\/startseite\/uncategorized\/online-elternabend-studien-und-berufsorientierung-in-der-sekundarstuge-ii\/","title":{"rendered":"Online Elternabend: Studien- und Berufsorientierung in der Sekundarstuge II"},"content":{"rendered":"\n<p>Liebe Eltern und Erziehungsberechtigte unserer Sch\u00fcler*innen in der Oberstufe,<\/p>\n<p>hiermit m\u00f6chte ich auf ein Angebot von Frau Schmitz, Koordinatorin f\u00fcr Studien- und Berufsorientierung, aufmerksam machen:<\/p>\n<p>Online Elternabend: Studien- und Berufsorientierung in der Oberstufe, Mittwoch, 7. September, 19.30- ca. 20.00 Uhr<\/p>\n<p>Wie im letzten Schuljahr bietet Frau Schmitz vor allem f\u00fcr die Eltern \/ Erziehungsberechtigte der Sch\u00fcler*innen der 11. Jahrgangsstufe (EF) einen Online-Elternabend an, an dem sie \u00fcber die Studien- und Berufsorientierung in der Oberstufe der Anna-Freud-Schule informiert. Auch Eltern \/ Erziehungsberechtigte der 12. und 13. Jahrgangsstufe sind herzlich willkommen, wenn noch Informationsbedarf besteht. Bitte haben Sie Verst\u00e4ndnis, dass \u00fcber Zoom keine Gespr\u00e4che \u00fcber einzelne Sch\u00fcler*innen stattfinden k\u00f6nnen.<br>Haben Sie Interesse, melden Sie sich bitte \u00fcber<\/p>\n<p><a href=\"http:\/\/afs-blog.annafreudschule.de\/berufsorientierung-Sek2@annafreudschule.de\">berufsorientierung-Sek2@annafreudschule.de<\/a><\/p>\n<p>an. Frau Schmitz sendet Ihnen den Link f\u00fcr die Veranstaltung dann zu.<br>Wir freuen uns auf Ihre Teilnahme.<\/p>\n<p>Herzliche Gr\u00fc\u00dfe<br>Elke Goldschmidtb\u00f6ing<\/p>\n","protected":false},"excerpt":{"rendered":"<p>Liebe Eltern und Erziehungsberechtigte unserer Sch\u00fcler*innen in der Oberstufe, hiermit m\u00f6chte ich auf ein Angebot von Frau Schmitz, Koordinatorin f\u00fcr Studien- und Berufsorientierung, aufmerksam machen: Online Elternabend: Studien- und Berufsorientierung in der Oberstufe, Mittwoch, 7. September, 19.30- ca. 20.00 Uhr Wie im letzten Schuljahr bietet Frau Schmitz vor allem f\u00fcr die Eltern \/ Erziehungsberechtigte der [&hellip;]<\/p>\n","protected":false},"author":0,"featured_media":0,"comment_status":"closed","ping_status":"closed","sticky":false,"template":"","format":"standard","meta":{"site-sidebar-layout":"default","site-content-layout":"","ast-site-content-layout":"default","site-content-style":"default","site-sidebar-style":"default","ast-global-header-display":"","ast-banner-title-visibility":"","ast-main-header-display":"","ast-hfb-above-header-display":"","ast-hfb-below-header-display":"","ast-hfb-mobile-header-display":"","site-post-title":"","ast-breadcrumbs-content":"","ast-featured-img":"","footer-sml-layout":"","ast-disable-related-posts":"","theme-transparent-header-meta":"","adv-header-id-meta":"","stick-header-meta":"","header-above-stick-meta":"","header-main-stick-meta":"","header-below-stick-meta":"","astra-migrate-meta-layouts":"default","ast-page-background-enabled":"default","ast-page-background-meta":{"desktop":{"background-color":"var(--ast-global-color-4)","background-image":"","background-repeat":"repeat","background-position":"center center","background-size":"auto","background-attachment":"scroll","background-type":"","background-media":"","overlay-type":"","overlay-color":"","overlay-opacity":"","overlay-gradient":""},"tablet":{"background-color":"","background-image":"","background-repeat":"repeat","background-position":"center center","background-size":"auto","background-attachment":"scroll","background-type":"","background-media":"","overlay-type":"","overlay-color":"","overlay-opacity":"","overlay-gradient":""},"mobile":{"background-color":"","background-image":"","background-repeat":"repeat","background-position":"center center","background-size":"auto","background-attachment":"scroll","background-type":"","background-media":"","overlay-type":"","overlay-color":"","overlay-opacity":"","overlay-gradient":""}},"ast-content-background-meta":{"desktop":{"background-color":"var(--ast-global-color-5)","background-image":"","background-repeat":"repeat","background-position":"center center","background-size":"auto","background-attachment":"scroll","background-type":"","background-media":"","overlay-type":"","overlay-color":"","overlay-opacity":"","overlay-gradient":""},"tablet":{"background-color":"var(--ast-global-color-5)","background-image":"","background-repeat":"repeat","background-position":"center center","background-size":"auto","background-attachment":"scroll","background-type":"","background-media":"","overlay-type":"","overlay-color":"","overlay-opacity":"","overlay-gradient":""},"mobile":{"background-color":"var(--ast-global-color-5)","background-image":"","background-repeat":"repeat","background-position":"center center","background-size":"auto","background-attachment":"scroll","background-type":"","background-media":"","overlay-type":"","overlay-color":"","overlay-opacity":"","overlay-gradient":""}},"footnotes":""},"categories":[1],"tags":[],"class_list":["post-2494","post","type-post","status-publish","format-standard","hentry","category-uncategorized"],"_links":{"self":[{"href":"https:\/\/anna-freud-schule.de\/startseite\/wp-json\/wp\/v2\/posts\/2494","targetHints":{"allow":["GET"]}}],"collection":[{"href":"https:\/\/anna-freud-schule.de\/startseite\/wp-json\/wp\/v2\/posts"}],"about":[{"href":"https:\/\/anna-freud-schule.de\/startseite\/wp-json\/wp\/v2\/types\/post"}],"replies":[{"embeddable":true,"href":"https:\/\/anna-freud-schule.de\/startseite\/wp-json\/wp\/v2\/comments?post=2494"}],"version-history":[{"count":1,"href":"https:\/\/anna-freud-schule.de\/startseite\/wp-json\/wp\/v2\/posts\/2494\/revisions"}],"predecessor-version":[{"id":3292,"href":"https:\/\/anna-freud-schule.de\/startseite\/wp-json\/wp\/v2\/posts\/2494\/revisions\/3292"}],"wp:attachment":[{"href":"https:\/\/anna-freud-schule.de\/startseite\/wp-json\/wp\/v2\/media?parent=2494"}],"wp:term":[{"taxonomy":"category","embeddable":true,"href":"https:\/\/anna-freud-schule.de\/startseite\/wp-json\/wp\/v2\/categories?post=2494"},{"taxonomy":"post_tag","embeddable":true,"href":"https:\/\/anna-freud-schule.de\/startseite\/wp-json\/wp\/v2\/tags?post=2494"}],"curies":[{"name":"wp","href":"https:\/\/api.w.org\/{rel}","templated":true}]}}