{"id":2495,"date":"2022-09-16T14:02:21","date_gmt":"2022-09-16T14:02:21","guid":{"rendered":"http:\/\/afs-test.de\/startseite\/uncategorized\/guter-umgang-mit-tablet-smartphone-und-co-nach-corona\/"},"modified":"2022-11-14T20:38:35","modified_gmt":"2022-11-14T20:38:35","slug":"guter-umgang-mit-tablet-smartphone-und-co-nach-corona","status":"publish","type":"post","link":"https:\/\/anna-freud-schule.de\/startseite\/uncategorized\/guter-umgang-mit-tablet-smartphone-und-co-nach-corona\/","title":{"rendered":"\u201eGuter Umgang mit Tablet, Smartphone und Co nach Corona\u201c"},"content":{"rendered":"\n<p>Liebe Eltern und Erziehungsberechtigte,<\/p>\n<p>im Auftrag der Initiative \u201eEltern f\u00fcr eine gute Schule\u201c leite ich Ihnen die untenstehende Mail weiter und nutze die Gelegenheit Ihnen allen ein sch\u00f6nes Wochenende zu w\u00fcnschen.<\/p>\n<p>Herzliche Gr\u00fc\u00dfe<br>Elke Goldschmidtb\u00f6ing<\/p>\n<p>Sehr geehrte Damen und Herren, liebe Eltern,<\/p>\n<p>in Erg\u00e4nzung zu unserer Online-Veranstaltung mit Frau Prof. Bleckmann am 18.11.21 zum Thema \u201eGuter Umgang mit Tablet, Smartphone und Co nach Corona\u201c m\u00f6chten wir Sie gerne zu einem Online-Gespr\u00e4chskreis einladen.<\/p>\n<p>Da der Umgang mit digitalen Medien ein immer wiederkehrendes Thema im Erziehungsalltag darstellt, m\u00f6chten wir mit einer Online-Gespr\u00e4chsrunde im kleineren Kreis ein Angebot machen, um Eltern in der Auseinandersetzung in dieser Frage und mit ihren Kindern zu st\u00e4rken. Nach einer kurzen Einf\u00fchrung ins Thema, soll Zeit sein f\u00fcr alle Fragen, die Eltern im Zusammenhang mit dem Medienkonsum ihrer Kinder besch\u00e4ftigen.<\/p>\n<p>Termin: Donnerstag, 29.9.2022, 19.30 Uhr<\/p>\n<p>Wir freuen uns \u00fcber Ihr Interesse. Bitte melden Sie sich bis zum 22.9.2022 unter folgender Mailadresse an.<\/p>\n<p><a href=\"http:\/\/afs-blog.annafreudschule.de\/info@eltern-fuer-eine-gute-schule.de\">info@eltern-fuer-eine-gute-schule.de<\/a><\/p>\n<p>Sollten wir zu viele Anmeldungen bekommen, richten wir gerne einen weiteren Termin ein.<\/p>\n<p>Mit freundlichen Gr\u00fc\u00dfen<br>Eltern f\u00fcr eine gute Schule<\/p>\n","protected":false},"excerpt":{"rendered":"<p>Liebe Eltern und Erziehungsberechtigte, im Auftrag der Initiative \u201eEltern f\u00fcr eine gute Schule\u201c leite ich Ihnen die untenstehende Mail weiter und nutze die Gelegenheit Ihnen allen ein sch\u00f6nes Wochenende zu w\u00fcnschen. Herzliche Gr\u00fc\u00dfeElke Goldschmidtb\u00f6ing Sehr geehrte Damen und Herren, liebe Eltern, in Erg\u00e4nzung zu unserer Online-Veranstaltung mit Frau Prof. Bleckmann am 18.11.21 zum Thema \u201eGuter [&hellip;]<\/p>\n","protected":false},"author":0,"featured_media":0,"comment_status":"closed","ping_status":"closed","sticky":false,"template":"","format":"standard","meta":{"site-sidebar-layout":"default","site-content-layout":"","ast-site-content-layout":"default","site-content-style":"default","site-sidebar-style":"default","ast-global-header-display":"","ast-banner-title-visibility":"","ast-main-header-display":"","ast-hfb-above-header-display":"","ast-hfb-below-header-display":"","ast-hfb-mobile-header-display":"","site-post-title":"","ast-breadcrumbs-content":"","ast-featured-img":"","footer-sml-layout":"","ast-disable-related-posts":"","theme-transparent-header-meta":"","adv-header-id-meta":"","stick-header-meta":"","header-above-stick-meta":"","header-main-stick-meta":"","header-below-stick-meta":"","astra-migrate-meta-layouts":"default","ast-page-background-enabled":"default","ast-page-background-meta":{"desktop":{"background-color":"var(--ast-global-color-4)","background-image":"","background-repeat":"repeat","background-position":"center center","background-size":"auto","background-attachment":"scroll","background-type":"","background-media":"","overlay-type":"","overlay-color":"","overlay-opacity":"","overlay-gradient":""},"tablet":{"background-color":"","background-image":"","background-repeat":"repeat","background-position":"center center","background-size":"auto","background-attachment":"scroll","background-type":"","background-media":"","overlay-type":"","overlay-color":"","overlay-opacity":"","overlay-gradient":""},"mobile":{"background-color":"","background-image":"","background-repeat":"repeat","background-position":"center center","background-size":"auto","background-attachment":"scroll","background-type":"","background-media":"","overlay-type":"","overlay-color":"","overlay-opacity":"","overlay-gradient":""}},"ast-content-background-meta":{"desktop":{"background-color":"var(--ast-global-color-5)","background-image":"","background-repeat":"repeat","background-position":"center center","background-size":"auto","background-attachment":"scroll","background-type":"","background-media":"","overlay-type":"","overlay-color":"","overlay-opacity":"","overlay-gradient":""},"tablet":{"background-color":"var(--ast-global-color-5)","background-image":"","background-repeat":"repeat","background-position":"center center","background-size":"auto","background-attachment":"scroll","background-type":"","background-media":"","overlay-type":"","overlay-color":"","overlay-opacity":"","overlay-gradient":""},"mobile":{"background-color":"var(--ast-global-color-5)","background-image":"","background-repeat":"repeat","background-position":"center center","background-size":"auto","background-attachment":"scroll","background-type":"","background-media":"","overlay-type":"","overlay-color":"","overlay-opacity":"","overlay-gradient":""}},"footnotes":""},"categories":[1],"tags":[],"class_list":["post-2495","post","type-post","status-publish","format-standard","hentry","category-uncategorized"],"_links":{"self":[{"href":"https:\/\/anna-freud-schule.de\/startseite\/wp-json\/wp\/v2\/posts\/2495","targetHints":{"allow":["GET"]}}],"collection":[{"href":"https:\/\/anna-freud-schule.de\/startseite\/wp-json\/wp\/v2\/posts"}],"about":[{"href":"https:\/\/anna-freud-schule.de\/startseite\/wp-json\/wp\/v2\/types\/post"}],"replies":[{"embeddable":true,"href":"https:\/\/anna-freud-schule.de\/startseite\/wp-json\/wp\/v2\/comments?post=2495"}],"version-history":[{"count":1,"href":"https:\/\/anna-freud-schule.de\/startseite\/wp-json\/wp\/v2\/posts\/2495\/revisions"}],"predecessor-version":[{"id":3291,"href":"https:\/\/anna-freud-schule.de\/startseite\/wp-json\/wp\/v2\/posts\/2495\/revisions\/3291"}],"wp:attachment":[{"href":"https:\/\/anna-freud-schule.de\/startseite\/wp-json\/wp\/v2\/media?parent=2495"}],"wp:term":[{"taxonomy":"category","embeddable":true,"href":"https:\/\/anna-freud-schule.de\/startseite\/wp-json\/wp\/v2\/categories?post=2495"},{"taxonomy":"post_tag","embeddable":true,"href":"https:\/\/anna-freud-schule.de\/startseite\/wp-json\/wp\/v2\/tags?post=2495"}],"curies":[{"name":"wp","href":"https:\/\/api.w.org\/{rel}","templated":true}]}}