{"id":3516,"date":"2023-03-10T11:45:53","date_gmt":"2023-03-10T10:45:53","guid":{"rendered":"http:\/\/anna-freud-schule.de\/startseite\/uncategorized\/begleitskilaeuferkurs-zur-unterstuetzung-fuer-menschen-mit-koerperlichen-beeintraechtigungen\/"},"modified":"2023-03-10T11:45:53","modified_gmt":"2023-03-10T10:45:53","slug":"begleitskilaeuferkurs-zur-unterstuetzung-fuer-menschen-mit-koerperlichen-beeintraechtigungen","status":"publish","type":"post","link":"https:\/\/anna-freud-schule.de\/startseite\/uncategorized\/begleitskilaeuferkurs-zur-unterstuetzung-fuer-menschen-mit-koerperlichen-beeintraechtigungen\/","title":{"rendered":"Begleitskil\u00e4uferkurs zur Unterst\u00fctzung f\u00fcr Menschen mit k\u00f6rperlichen Beeintr\u00e4chtigungen"},"content":{"rendered":"<p>Liebe Eltern und Erziehungsberechtigte, liebe Sch\u00fcler*innen,<\/p>\n<p>hiermit m\u00f6chte ich auf ein spannendes Angebot aufmerksam machen:<br \/>Lust auf einen Begleitl\u00e4uferkurs zur Unterst\u00fctzung f\u00fcr Menschen mit k\u00f6rperlichen Beeintr\u00e4chtigungen?<br \/>Dann bist du hier genau richtig!<br \/>Auch Menschen mit Behinderung haben Freude am sitzenden Skisport Alpine.<br \/>Hierf\u00fcr ben\u00f6tigt man geschulte Begleitl\u00e4ufer*innen, die die Teilnehmer*innen unterst\u00fctzen und dadurch Ruhe und Sicherheit ausstrahlen.<br \/>F\u00fcr diese Funktion des Begleitl\u00e4ufers werden Interessierte gesucht: Lehrer*innen von (F\u00f6rder-, Intergrations- und Regelschulen) sowie Angeh\u00f6rige von Menschen mit Behinderung oder Personen, die an ehrenamtlicher T\u00e4tigkeit interessiert sind.<br \/>Der DRS Wintersport bietet hierf\u00fcr einen Begleitl\u00e4uferkurs im Alpenpark Neuss vom 28. \u2013 30.04.2023 unter der Leitung von Bernd Moelich an.<br \/>Die Schwerpunkte bei diesem Kurs liegen unter anderem bei medizinischen Grundlagen, Ger\u00e4tekunde, Anpassung von Ger\u00e4ten und praktischer Unterricht (Einsteigen ins Ger\u00e4t, Aufw\u00e4rm\u00fcbungen, Liften sowie sammeln von Eigenerfahrung in oder am Mono- oder Bi-Skiger\u00e4t)<br \/>F\u00fchlst du dich angesprochen? Dann melde dich unter <a href=\"http:\/\/afs-blog.annafreudschule.de\/berndmoelich@rollikids.de\">berndmoelich@rollikids.de<\/a>.<br \/>F\u00fcr das Anmeldeformular nutze den unten gedruckten QR-Code.<\/p>\n<p>Herzliche Gr\u00fc\u00dfe<br \/>Elke Goldschmidtb\u00f6ing<\/p>","protected":false},"excerpt":{"rendered":"<p>Liebe Eltern und Erziehungsberechtigte, liebe Sch\u00fcler*innen, hiermit m\u00f6chte ich auf ein spannendes Angebot aufmerksam machen:Lust auf einen Begleitl\u00e4uferkurs zur Unterst\u00fctzung f\u00fcr Menschen mit k\u00f6rperlichen Beeintr\u00e4chtigungen?Dann bist du hier genau richtig!Auch Menschen mit Behinderung haben Freude am sitzenden Skisport Alpine.Hierf\u00fcr ben\u00f6tigt man geschulte Begleitl\u00e4ufer*innen, die die Teilnehmer*innen unterst\u00fctzen und dadurch Ruhe und Sicherheit ausstrahlen.F\u00fcr diese Funktion [&hellip;]<\/p>\n","protected":false},"author":0,"featured_media":0,"comment_status":"","ping_status":"open","sticky":false,"template":"","format":"standard","meta":{"site-sidebar-layout":"default","site-content-layout":"","ast-site-content-layout":"default","site-content-style":"default","site-sidebar-style":"default","ast-global-header-display":"","ast-banner-title-visibility":"","ast-main-header-display":"","ast-hfb-above-header-display":"","ast-hfb-below-header-display":"","ast-hfb-mobile-header-display":"","site-post-title":"","ast-breadcrumbs-content":"","ast-featured-img":"","footer-sml-layout":"","ast-disable-related-posts":"","theme-transparent-header-meta":"","adv-header-id-meta":"","stick-header-meta":"","header-above-stick-meta":"","header-main-stick-meta":"","header-below-stick-meta":"","astra-migrate-meta-layouts":"default","ast-page-background-enabled":"default","ast-page-background-meta":{"desktop":{"background-color":"var(--ast-global-color-4)","background-image":"","background-repeat":"repeat","background-position":"center center","background-size":"auto","background-attachment":"scroll","background-type":"","background-media":"","overlay-type":"","overlay-color":"","overlay-opacity":"","overlay-gradient":""},"tablet":{"background-color":"","background-image":"","background-repeat":"repeat","background-position":"center center","background-size":"auto","background-attachment":"scroll","background-type":"","background-media":"","overlay-type":"","overlay-color":"","overlay-opacity":"","overlay-gradient":""},"mobile":{"background-color":"","background-image":"","background-repeat":"repeat","background-position":"center center","background-size":"auto","background-attachment":"scroll","background-type":"","background-media":"","overlay-type":"","overlay-color":"","overlay-opacity":"","overlay-gradient":""}},"ast-content-background-meta":{"desktop":{"background-color":"var(--ast-global-color-5)","background-image":"","background-repeat":"repeat","background-position":"center center","background-size":"auto","background-attachment":"scroll","background-type":"","background-media":"","overlay-type":"","overlay-color":"","overlay-opacity":"","overlay-gradient":""},"tablet":{"background-color":"var(--ast-global-color-5)","background-image":"","background-repeat":"repeat","background-position":"center center","background-size":"auto","background-attachment":"scroll","background-type":"","background-media":"","overlay-type":"","overlay-color":"","overlay-opacity":"","overlay-gradient":""},"mobile":{"background-color":"var(--ast-global-color-5)","background-image":"","background-repeat":"repeat","background-position":"center center","background-size":"auto","background-attachment":"scroll","background-type":"","background-media":"","overlay-type":"","overlay-color":"","overlay-opacity":"","overlay-gradient":""}},"footnotes":""},"categories":[1],"tags":[],"class_list":["post-3516","post","type-post","status-publish","format-standard","hentry","category-uncategorized"],"_links":{"self":[{"href":"https:\/\/anna-freud-schule.de\/startseite\/wp-json\/wp\/v2\/posts\/3516","targetHints":{"allow":["GET"]}}],"collection":[{"href":"https:\/\/anna-freud-schule.de\/startseite\/wp-json\/wp\/v2\/posts"}],"about":[{"href":"https:\/\/anna-freud-schule.de\/startseite\/wp-json\/wp\/v2\/types\/post"}],"replies":[{"embeddable":true,"href":"https:\/\/anna-freud-schule.de\/startseite\/wp-json\/wp\/v2\/comments?post=3516"}],"version-history":[{"count":0,"href":"https:\/\/anna-freud-schule.de\/startseite\/wp-json\/wp\/v2\/posts\/3516\/revisions"}],"wp:attachment":[{"href":"https:\/\/anna-freud-schule.de\/startseite\/wp-json\/wp\/v2\/media?parent=3516"}],"wp:term":[{"taxonomy":"category","embeddable":true,"href":"https:\/\/anna-freud-schule.de\/startseite\/wp-json\/wp\/v2\/categories?post=3516"},{"taxonomy":"post_tag","embeddable":true,"href":"https:\/\/anna-freud-schule.de\/startseite\/wp-json\/wp\/v2\/tags?post=3516"}],"curies":[{"name":"wp","href":"https:\/\/api.w.org\/{rel}","templated":true}]}}