{"id":3860,"date":"2023-10-16T14:45:28","date_gmt":"2023-10-16T12:45:28","guid":{"rendered":"https:\/\/anna-freud-schule.de\/startseite\/uncategorized\/oepnv-oder-fahrrad-anstelle-des-schuelerspezialverkehrs\/"},"modified":"2023-10-16T14:45:28","modified_gmt":"2023-10-16T12:45:28","slug":"oepnv-oder-fahrrad-anstelle-des-schuelerspezialverkehrs","status":"publish","type":"post","link":"https:\/\/anna-freud-schule.de\/startseite\/uncategorized\/oepnv-oder-fahrrad-anstelle-des-schuelerspezialverkehrs\/","title":{"rendered":"\u00d6PNV oder Fahrrad anstelle des Sch\u00fclerspezialverkehrs?"},"content":{"rendered":"<p>Liebe Eltern und Erziehungsberechtigte, <\/p>\n<p>lieber Sch\u00fclerinnen und Sch\u00fcler,<\/p>\n<p>zun\u00e4chst w\u00fcnsche ich allen einen guten Start nach den Herbstferien. <\/p>\n<p>Viele von Ihnen\/euch wissen und sp\u00fcren zum Teil t\u00e4glich, dass es rund um den Sch\u00fclerspezialverkehr in diesem Schuljahr zum Teil unzumutbare Situationen gibt. Die Hauptursache sind fehlende Fahrzeuge und fehlende Fahrer*innen, aber auch ein nicht transparenter und nicht zufriedenstellender Umgang einiger weniger Fahrunternehmen mit der Mangelverwaltung. Es gibt aber auch eine kleine Stellschrauber, an der wir eine Verbesserung des Sch\u00fclerspezialverkehrs anbahnen k\u00f6nnen. Sind wirklich alle Transporte n\u00f6tig?<\/p>\n<p>Wir Sie mit Ihren Kindern bzw. bitten euch dar\u00fcber nachzudenken, ob der regelm\u00e4\u00dfige Wechsel vom Sch\u00fclerspezialverkehr hin zum \u00d6PNV bzw. Fahrrad m\u00f6glich ist. Neben der Entlastung des Sch\u00fclerspezialverkehrs w\u00fcrde dies auch einen weiteren Schritt in Richtung Selbstst\u00e4ndigkeit bedeuten und h\u00e4tte gleichzeitig einen positiven Effekt auf unser Klima. <br \/>Falls Sie\/ihr einen Wechsel w\u00fcnschen\/w\u00fcnscht steht Frau N\u00fcrnberger im Sekretariat als Ansprechpartnerin zur Verf\u00fcgung und ber\u00e4t gerne. Der LVR bietet sogar die Finanzierung des KVB-Tickets f\u00fcr einen Testzeitraum an. Mittelfristig wird auch der Erwerb des Deutschland-Tickets in Aussicht gestellt.<\/p>\n<p>Im Rahmen der Entwicklungsgespr\u00e4che thematisieren die Klassen- und Stufenteams dieses Anliegen auch mit allen Sch\u00fcler*innen, f\u00fcr die aus unserer Sicht ein Wechsel in Frage kommt.<\/p>\n<p>Auch einige wenige Wechsel k\u00f6nnten dazu f\u00fchren, dass der Trasport von Sch\u00fcler*innen, f\u00fcr die es keine Alternative gibt, besser funktioniert.<\/p>\n<p>Herzliche Gr\u00fc\u00dfe<\/p>\n<p>Elke Goldschmidtb\u00f6ing<\/p>","protected":false},"excerpt":{"rendered":"<p>Liebe Eltern und Erziehungsberechtigte, lieber Sch\u00fclerinnen und Sch\u00fcler, zun\u00e4chst w\u00fcnsche ich allen einen guten Start nach den Herbstferien. Viele von Ihnen\/euch wissen und sp\u00fcren zum Teil t\u00e4glich, dass es rund um den Sch\u00fclerspezialverkehr in diesem Schuljahr zum Teil unzumutbare Situationen gibt. Die Hauptursache sind fehlende Fahrzeuge und fehlende Fahrer*innen, aber auch ein nicht transparenter und [&hellip;]<\/p>\n","protected":false},"author":0,"featured_media":0,"comment_status":"","ping_status":"open","sticky":false,"template":"","format":"standard","meta":{"site-sidebar-layout":"default","site-content-layout":"","ast-site-content-layout":"default","site-content-style":"default","site-sidebar-style":"default","ast-global-header-display":"","ast-banner-title-visibility":"","ast-main-header-display":"","ast-hfb-above-header-display":"","ast-hfb-below-header-display":"","ast-hfb-mobile-header-display":"","site-post-title":"","ast-breadcrumbs-content":"","ast-featured-img":"","footer-sml-layout":"","ast-disable-related-posts":"","theme-transparent-header-meta":"","adv-header-id-meta":"","stick-header-meta":"","header-above-stick-meta":"","header-main-stick-meta":"","header-below-stick-meta":"","astra-migrate-meta-layouts":"default","ast-page-background-enabled":"default","ast-page-background-meta":{"desktop":{"background-color":"var(--ast-global-color-4)","background-image":"","background-repeat":"repeat","background-position":"center center","background-size":"auto","background-attachment":"scroll","background-type":"","background-media":"","overlay-type":"","overlay-color":"","overlay-opacity":"","overlay-gradient":""},"tablet":{"background-color":"","background-image":"","background-repeat":"repeat","background-position":"center center","background-size":"auto","background-attachment":"scroll","background-type":"","background-media":"","overlay-type":"","overlay-color":"","overlay-opacity":"","overlay-gradient":""},"mobile":{"background-color":"","background-image":"","background-repeat":"repeat","background-position":"center center","background-size":"auto","background-attachment":"scroll","background-type":"","background-media":"","overlay-type":"","overlay-color":"","overlay-opacity":"","overlay-gradient":""}},"ast-content-background-meta":{"desktop":{"background-color":"var(--ast-global-color-5)","background-image":"","background-repeat":"repeat","background-position":"center center","background-size":"auto","background-attachment":"scroll","background-type":"","background-media":"","overlay-type":"","overlay-color":"","overlay-opacity":"","overlay-gradient":""},"tablet":{"background-color":"var(--ast-global-color-5)","background-image":"","background-repeat":"repeat","background-position":"center center","background-size":"auto","background-attachment":"scroll","background-type":"","background-media":"","overlay-type":"","overlay-color":"","overlay-opacity":"","overlay-gradient":""},"mobile":{"background-color":"var(--ast-global-color-5)","background-image":"","background-repeat":"repeat","background-position":"center center","background-size":"auto","background-attachment":"scroll","background-type":"","background-media":"","overlay-type":"","overlay-color":"","overlay-opacity":"","overlay-gradient":""}},"footnotes":""},"categories":[1],"tags":[],"class_list":["post-3860","post","type-post","status-publish","format-standard","hentry","category-uncategorized"],"_links":{"self":[{"href":"https:\/\/anna-freud-schule.de\/startseite\/wp-json\/wp\/v2\/posts\/3860","targetHints":{"allow":["GET"]}}],"collection":[{"href":"https:\/\/anna-freud-schule.de\/startseite\/wp-json\/wp\/v2\/posts"}],"about":[{"href":"https:\/\/anna-freud-schule.de\/startseite\/wp-json\/wp\/v2\/types\/post"}],"replies":[{"embeddable":true,"href":"https:\/\/anna-freud-schule.de\/startseite\/wp-json\/wp\/v2\/comments?post=3860"}],"version-history":[{"count":0,"href":"https:\/\/anna-freud-schule.de\/startseite\/wp-json\/wp\/v2\/posts\/3860\/revisions"}],"wp:attachment":[{"href":"https:\/\/anna-freud-schule.de\/startseite\/wp-json\/wp\/v2\/media?parent=3860"}],"wp:term":[{"taxonomy":"category","embeddable":true,"href":"https:\/\/anna-freud-schule.de\/startseite\/wp-json\/wp\/v2\/categories?post=3860"},{"taxonomy":"post_tag","embeddable":true,"href":"https:\/\/anna-freud-schule.de\/startseite\/wp-json\/wp\/v2\/tags?post=3860"}],"curies":[{"name":"wp","href":"https:\/\/api.w.org\/{rel}","templated":true}]}}