{"id":3861,"date":"2023-10-18T15:51:29","date_gmt":"2023-10-18T13:51:29","guid":{"rendered":"https:\/\/anna-freud-schule.de\/startseite\/uncategorized\/informationsveranstaltung-zur-studien-und-berufsorientierung-fuer-die-stufe-ef\/"},"modified":"2023-10-18T15:51:29","modified_gmt":"2023-10-18T13:51:29","slug":"informationsveranstaltung-zur-studien-und-berufsorientierung-fuer-die-stufe-ef","status":"publish","type":"post","link":"https:\/\/anna-freud-schule.de\/startseite\/uncategorized\/informationsveranstaltung-zur-studien-und-berufsorientierung-fuer-die-stufe-ef\/","title":{"rendered":"Informationsveranstaltung zur Studien- und Berufsorientierung f\u00fcr die Stufe EF"},"content":{"rendered":"<p>Liebe Eltern und Erziehungsberechtigte der Sch\u00fcler und Sch\u00fclerinnen der 11. Jahrgangsstufe,<\/p>\n<p>hiermit lade ich Sie f\u00fcr Dienstag den 24. Oktober 2023 von 19.30 bis ca. 20.00 Uhr herzlich zu einer kurzen Online-Informationsveranstaltung zur Studien- und Berufsorientierung in der Oberstufe der Anna-Freud-Schule ein. Sie sind immer noch die wichtigsten Ansprechpartner Ihrer S\u00f6hne und T\u00f6chter in Bezug auf die sp\u00e4tere Berufswahl und deswegen ist es mir wichtig, dass Sie gut informiert sind. Bitte haben Sie Verst\u00e4ndnis daf\u00fcr, dass in dieser Informationsveranstaltung \u00fcber Zoom keine individuellen Beratungen stattfinden k\u00f6nnen. Ihre S\u00f6hne und T\u00f6chter erhalten die Informationen in der Schule, diese Veranstaltung ist nur f\u00fcr die Eltern \/ Erziehungsberechtigte gedacht.<br \/>Bitte melden Sie sich mit ihrem Namen an, dann sehe ich, wer sich im Warteraum befindet und lasse Sie ein. Hier sind die Zugangsdaten zu der Veranstaltung:<\/p>\n<p>Thema: Infos zur Studien- und Berufsorientierung in der Oberstufe der AFS<br \/>Meeting-ID: 840 9903 9491<br \/>Kenncode: 6yPCjN<\/p>\n<p>Zoom-Meeting beitreten:<\/p>\n<p><a href=\"https:\/\/us02web.zoom.us\/j\/87461944095?pwd=OGxjeXQ5QXVPa09ON2ZnSVdidUw4dz09\">https:\/\/us02web.zoom.us\/j\/87461944095?pwd=OGxjeXQ5QXVPa09ON2ZnSVdidUw4dz09<\/a><\/p>\n<p>F\u00fcr R\u00fcckfragen stehe ich gerne zur Verf\u00fcgung: berufsorientierung\u2014sek2@annafreudschule.de<br \/>\u00dcber reges Interesse w\u00fcrde ich mich sehr freuen und verbleibe mit<br \/>freundlichen Gr\u00fc\u00dfen<br \/>Karin Schmitz<br \/>(Studien- und Berufswahl-Koordinatorin)<\/p>","protected":false},"excerpt":{"rendered":"<p>Liebe Eltern und Erziehungsberechtigte der Sch\u00fcler und Sch\u00fclerinnen der 11. Jahrgangsstufe, hiermit lade ich Sie f\u00fcr Dienstag den 24. Oktober 2023 von 19.30 bis ca. 20.00 Uhr herzlich zu einer kurzen Online-Informationsveranstaltung zur Studien- und Berufsorientierung in der Oberstufe der Anna-Freud-Schule ein. Sie sind immer noch die wichtigsten Ansprechpartner Ihrer S\u00f6hne und T\u00f6chter in Bezug [&hellip;]<\/p>\n","protected":false},"author":0,"featured_media":0,"comment_status":"","ping_status":"open","sticky":false,"template":"","format":"standard","meta":{"site-sidebar-layout":"default","site-content-layout":"","ast-site-content-layout":"default","site-content-style":"default","site-sidebar-style":"default","ast-global-header-display":"","ast-banner-title-visibility":"","ast-main-header-display":"","ast-hfb-above-header-display":"","ast-hfb-below-header-display":"","ast-hfb-mobile-header-display":"","site-post-title":"","ast-breadcrumbs-content":"","ast-featured-img":"","footer-sml-layout":"","ast-disable-related-posts":"","theme-transparent-header-meta":"","adv-header-id-meta":"","stick-header-meta":"","header-above-stick-meta":"","header-main-stick-meta":"","header-below-stick-meta":"","astra-migrate-meta-layouts":"default","ast-page-background-enabled":"default","ast-page-background-meta":{"desktop":{"background-color":"var(--ast-global-color-4)","background-image":"","background-repeat":"repeat","background-position":"center center","background-size":"auto","background-attachment":"scroll","background-type":"","background-media":"","overlay-type":"","overlay-color":"","overlay-opacity":"","overlay-gradient":""},"tablet":{"background-color":"","background-image":"","background-repeat":"repeat","background-position":"center center","background-size":"auto","background-attachment":"scroll","background-type":"","background-media":"","overlay-type":"","overlay-color":"","overlay-opacity":"","overlay-gradient":""},"mobile":{"background-color":"","background-image":"","background-repeat":"repeat","background-position":"center center","background-size":"auto","background-attachment":"scroll","background-type":"","background-media":"","overlay-type":"","overlay-color":"","overlay-opacity":"","overlay-gradient":""}},"ast-content-background-meta":{"desktop":{"background-color":"var(--ast-global-color-5)","background-image":"","background-repeat":"repeat","background-position":"center center","background-size":"auto","background-attachment":"scroll","background-type":"","background-media":"","overlay-type":"","overlay-color":"","overlay-opacity":"","overlay-gradient":""},"tablet":{"background-color":"var(--ast-global-color-5)","background-image":"","background-repeat":"repeat","background-position":"center center","background-size":"auto","background-attachment":"scroll","background-type":"","background-media":"","overlay-type":"","overlay-color":"","overlay-opacity":"","overlay-gradient":""},"mobile":{"background-color":"var(--ast-global-color-5)","background-image":"","background-repeat":"repeat","background-position":"center center","background-size":"auto","background-attachment":"scroll","background-type":"","background-media":"","overlay-type":"","overlay-color":"","overlay-opacity":"","overlay-gradient":""}},"footnotes":""},"categories":[1],"tags":[],"class_list":["post-3861","post","type-post","status-publish","format-standard","hentry","category-uncategorized"],"_links":{"self":[{"href":"https:\/\/anna-freud-schule.de\/startseite\/wp-json\/wp\/v2\/posts\/3861","targetHints":{"allow":["GET"]}}],"collection":[{"href":"https:\/\/anna-freud-schule.de\/startseite\/wp-json\/wp\/v2\/posts"}],"about":[{"href":"https:\/\/anna-freud-schule.de\/startseite\/wp-json\/wp\/v2\/types\/post"}],"replies":[{"embeddable":true,"href":"https:\/\/anna-freud-schule.de\/startseite\/wp-json\/wp\/v2\/comments?post=3861"}],"version-history":[{"count":0,"href":"https:\/\/anna-freud-schule.de\/startseite\/wp-json\/wp\/v2\/posts\/3861\/revisions"}],"wp:attachment":[{"href":"https:\/\/anna-freud-schule.de\/startseite\/wp-json\/wp\/v2\/media?parent=3861"}],"wp:term":[{"taxonomy":"category","embeddable":true,"href":"https:\/\/anna-freud-schule.de\/startseite\/wp-json\/wp\/v2\/categories?post=3861"},{"taxonomy":"post_tag","embeddable":true,"href":"https:\/\/anna-freud-schule.de\/startseite\/wp-json\/wp\/v2\/tags?post=3861"}],"curies":[{"name":"wp","href":"https:\/\/api.w.org\/{rel}","templated":true}]}}