{"id":3881,"date":"2023-11-30T17:46:01","date_gmt":"2023-11-30T16:46:01","guid":{"rendered":"https:\/\/anna-freud-schule.de\/startseite\/uncategorized\/aufarbeitung-amok-alarm\/"},"modified":"2023-11-30T17:46:01","modified_gmt":"2023-11-30T16:46:01","slug":"aufarbeitung-amok-alarm","status":"publish","type":"post","link":"https:\/\/anna-freud-schule.de\/startseite\/uncategorized\/aufarbeitung-amok-alarm\/","title":{"rendered":"Aufarbeitung Amok-Alarm"},"content":{"rendered":"<p>Liebe Eltern und Erziehungsberechtigte,<br \/>liebe Sch\u00fclerinnen und Sch\u00fcler,<\/p>\n<p>aufgrund der besonderen Situation heute an der AFS wende ich mich erneut an Sie und euch. <\/p>\n<p>Das wichtigste wiederhole ich gerne: Es ist niemand k\u00f6rperlich zu Schaden gekommen. Der Sch\u00fcler, der f\u00fcr das Ausl\u00f6sen des Alarms verantwortlich war, ist in einer Klinik. Die Polizei hat den Amok-Alarm ausgel\u00f6st und der Gro\u00dfeinsatz der Polizei war aufgrund der unklaren Bedrohungssituation v\u00f6llig gerechtfertigt. Die Polizei hat dem Sch\u00fcler und uns geholfen.<\/p>\n<p>Nun gilt es die seelischen und psychischen Folgen dieser Bedrohung gemeinsam zu verarbeiten. Bitte nehmen Sie sich Zeit mit Ihren Kinder und auch untereinander zu sprechen. Wir werden in der Schule mit allen Sch\u00fcler*innen sprechen. Wenn Sie\/wenn ihr Hilfe ben\u00f6tigt, dann melden Sie sich\/meldet euch bitte beim Klassen- oder Stufenteam. Wir werden im Kollegium besprechen, welche weiteren Ma\u00dfnahmen n\u00f6tig sein werden.<\/p>\n<p>Der Vorfall hat erschreckend deutlich gezeigt was wir lange schon wissen und regelm\u00e4\u00dfig melden, die Lautsprecheranlage inklusive Amok-Alarm wird an zu vielen Orten im Schulgeb\u00e4ude nicht geh\u00f6rt. Die LVR-Dezernentin f\u00fcr Schulen Frau Dr. Schwarz hat mich heute hier besucht und versprochen, dass Sie sich noch heute pers\u00f6nlich darum k\u00fcmmern wird, dass die Lautsprechanlage repariert wird. <\/p>\n<p>Wie Sie\/ihr sicherlich schon wissen\/wisst, gibt es in der Presse bereits viele Berichte zum heutigen Vorfall. Es ist wichtig, dass niemand aus der Schulgemeinde mit der Presse spricht. Presseanfragen leiten Sie\/leitet ihr bitte an mich weiter. <\/p>\n<p>Herzliche Gr\u00fc\u00dfe<br \/>Elke Goldschmidtb\u00f6ing<\/p>","protected":false},"excerpt":{"rendered":"<p>Liebe Eltern und Erziehungsberechtigte,liebe Sch\u00fclerinnen und Sch\u00fcler, aufgrund der besonderen Situation heute an der AFS wende ich mich erneut an Sie und euch. Das wichtigste wiederhole ich gerne: Es ist niemand k\u00f6rperlich zu Schaden gekommen. Der Sch\u00fcler, der f\u00fcr das Ausl\u00f6sen des Alarms verantwortlich war, ist in einer Klinik. Die Polizei hat den Amok-Alarm ausgel\u00f6st [&hellip;]<\/p>\n","protected":false},"author":0,"featured_media":0,"comment_status":"","ping_status":"open","sticky":false,"template":"","format":"standard","meta":{"site-sidebar-layout":"default","site-content-layout":"","ast-site-content-layout":"default","site-content-style":"default","site-sidebar-style":"default","ast-global-header-display":"","ast-banner-title-visibility":"","ast-main-header-display":"","ast-hfb-above-header-display":"","ast-hfb-below-header-display":"","ast-hfb-mobile-header-display":"","site-post-title":"","ast-breadcrumbs-content":"","ast-featured-img":"","footer-sml-layout":"","ast-disable-related-posts":"","theme-transparent-header-meta":"","adv-header-id-meta":"","stick-header-meta":"","header-above-stick-meta":"","header-main-stick-meta":"","header-below-stick-meta":"","astra-migrate-meta-layouts":"default","ast-page-background-enabled":"default","ast-page-background-meta":{"desktop":{"background-color":"var(--ast-global-color-4)","background-image":"","background-repeat":"repeat","background-position":"center center","background-size":"auto","background-attachment":"scroll","background-type":"","background-media":"","overlay-type":"","overlay-color":"","overlay-opacity":"","overlay-gradient":""},"tablet":{"background-color":"","background-image":"","background-repeat":"repeat","background-position":"center center","background-size":"auto","background-attachment":"scroll","background-type":"","background-media":"","overlay-type":"","overlay-color":"","overlay-opacity":"","overlay-gradient":""},"mobile":{"background-color":"","background-image":"","background-repeat":"repeat","background-position":"center center","background-size":"auto","background-attachment":"scroll","background-type":"","background-media":"","overlay-type":"","overlay-color":"","overlay-opacity":"","overlay-gradient":""}},"ast-content-background-meta":{"desktop":{"background-color":"var(--ast-global-color-5)","background-image":"","background-repeat":"repeat","background-position":"center center","background-size":"auto","background-attachment":"scroll","background-type":"","background-media":"","overlay-type":"","overlay-color":"","overlay-opacity":"","overlay-gradient":""},"tablet":{"background-color":"var(--ast-global-color-5)","background-image":"","background-repeat":"repeat","background-position":"center center","background-size":"auto","background-attachment":"scroll","background-type":"","background-media":"","overlay-type":"","overlay-color":"","overlay-opacity":"","overlay-gradient":""},"mobile":{"background-color":"var(--ast-global-color-5)","background-image":"","background-repeat":"repeat","background-position":"center center","background-size":"auto","background-attachment":"scroll","background-type":"","background-media":"","overlay-type":"","overlay-color":"","overlay-opacity":"","overlay-gradient":""}},"footnotes":""},"categories":[1],"tags":[],"class_list":["post-3881","post","type-post","status-publish","format-standard","hentry","category-uncategorized"],"_links":{"self":[{"href":"https:\/\/anna-freud-schule.de\/startseite\/wp-json\/wp\/v2\/posts\/3881","targetHints":{"allow":["GET"]}}],"collection":[{"href":"https:\/\/anna-freud-schule.de\/startseite\/wp-json\/wp\/v2\/posts"}],"about":[{"href":"https:\/\/anna-freud-schule.de\/startseite\/wp-json\/wp\/v2\/types\/post"}],"replies":[{"embeddable":true,"href":"https:\/\/anna-freud-schule.de\/startseite\/wp-json\/wp\/v2\/comments?post=3881"}],"version-history":[{"count":0,"href":"https:\/\/anna-freud-schule.de\/startseite\/wp-json\/wp\/v2\/posts\/3881\/revisions"}],"wp:attachment":[{"href":"https:\/\/anna-freud-schule.de\/startseite\/wp-json\/wp\/v2\/media?parent=3881"}],"wp:term":[{"taxonomy":"category","embeddable":true,"href":"https:\/\/anna-freud-schule.de\/startseite\/wp-json\/wp\/v2\/categories?post=3881"},{"taxonomy":"post_tag","embeddable":true,"href":"https:\/\/anna-freud-schule.de\/startseite\/wp-json\/wp\/v2\/tags?post=3881"}],"curies":[{"name":"wp","href":"https:\/\/api.w.org\/{rel}","templated":true}]}}