{"id":3893,"date":"2023-12-01T14:45:38","date_gmt":"2023-12-01T13:45:38","guid":{"rendered":"https:\/\/anna-freud-schule.de\/startseite\/uncategorized\/hinweis-auf-unterstuetzungsangebote\/"},"modified":"2023-12-01T14:45:38","modified_gmt":"2023-12-01T13:45:38","slug":"hinweis-auf-unterstuetzungsangebote","status":"publish","type":"post","link":"https:\/\/anna-freud-schule.de\/startseite\/uncategorized\/hinweis-auf-unterstuetzungsangebote\/","title":{"rendered":"Hinweis auf Unterst\u00fctzungsangebote"},"content":{"rendered":"<p>Liebe Eltern und Erziehungsberechtigte,<br \/>liebe Sch\u00fclerinnen und Sch\u00fcler,<\/p>\n<p>h\u00e4ufig werden erst mit zeitlicher Verz\u00f6gerung die Folgen eines belastenden Ereignisses wahrgenommen und sichtbar. In diesen F\u00e4llen k\u00f6nnen Sie gerne das folgenden Angebot nutzen:<\/p>\n<p>Spezialambulanz der Uniklinik K\u00f6ln f\u00fcr Kinder und Jugendliche mit Belastungserfahrungen, Angebot von kurzfristigen Gespr\u00e4chsterminen f\u00fcr Eltern und betroffene Kinder und Jugendliche bis 18 Jahren (unmittelbare diagnostische und therapeutische Hilfe nach Belastungserlebnissen)<br \/><a href=\"https:\/\/kinder-jugendpsychiatrie.uk-koeln.de\/klinik\/ambulante-behandlung\/spezialambulanz-traumatisierung\/\">https:\/\/kinder-jugendpsychiatrie.uk-koeln.de\/klinik\/ambulante-behandlung\/spezialambulanz-traumatisierung\/<\/a><\/p>\n<p>Telefon +49 221 478-6109, E-Mail kjp-traumaambulanz@uk-koeln.de<\/p>\n<p>Sch\u00fclerinnen und Sch\u00fcler, die schon vollj\u00e4hrig sind, k\u00f6nnen sich an dieses Angebot wenden:<\/p>\n<p>1. Traumaambulanz der LVR-Klinik K\u00f6ln: +49(0)221\/8993-610<\/p>\n<p>Ich w\u00fcnsche Ihnen und euch allen, dass Sie und ihr das Wochenende zur Erholung von dem Vorfall am Donnestag nutzen k\u00f6nnen bzw. k\u00f6nnt.<\/p>\n<p>Herzliche Gr\u00fc\u00dfe<br \/>Elke Goldschmidtb\u00f6ing<\/p>","protected":false},"excerpt":{"rendered":"<p>Liebe Eltern und Erziehungsberechtigte,liebe Sch\u00fclerinnen und Sch\u00fcler, h\u00e4ufig werden erst mit zeitlicher Verz\u00f6gerung die Folgen eines belastenden Ereignisses wahrgenommen und sichtbar. In diesen F\u00e4llen k\u00f6nnen Sie gerne das folgenden Angebot nutzen: Spezialambulanz der Uniklinik K\u00f6ln f\u00fcr Kinder und Jugendliche mit Belastungserfahrungen, Angebot von kurzfristigen Gespr\u00e4chsterminen f\u00fcr Eltern und betroffene Kinder und Jugendliche bis 18 Jahren [&hellip;]<\/p>\n","protected":false},"author":0,"featured_media":0,"comment_status":"","ping_status":"open","sticky":false,"template":"","format":"standard","meta":{"site-sidebar-layout":"default","site-content-layout":"","ast-site-content-layout":"default","site-content-style":"default","site-sidebar-style":"default","ast-global-header-display":"","ast-banner-title-visibility":"","ast-main-header-display":"","ast-hfb-above-header-display":"","ast-hfb-below-header-display":"","ast-hfb-mobile-header-display":"","site-post-title":"","ast-breadcrumbs-content":"","ast-featured-img":"","footer-sml-layout":"","ast-disable-related-posts":"","theme-transparent-header-meta":"","adv-header-id-meta":"","stick-header-meta":"","header-above-stick-meta":"","header-main-stick-meta":"","header-below-stick-meta":"","astra-migrate-meta-layouts":"default","ast-page-background-enabled":"default","ast-page-background-meta":{"desktop":{"background-color":"var(--ast-global-color-4)","background-image":"","background-repeat":"repeat","background-position":"center center","background-size":"auto","background-attachment":"scroll","background-type":"","background-media":"","overlay-type":"","overlay-color":"","overlay-opacity":"","overlay-gradient":""},"tablet":{"background-color":"","background-image":"","background-repeat":"repeat","background-position":"center center","background-size":"auto","background-attachment":"scroll","background-type":"","background-media":"","overlay-type":"","overlay-color":"","overlay-opacity":"","overlay-gradient":""},"mobile":{"background-color":"","background-image":"","background-repeat":"repeat","background-position":"center center","background-size":"auto","background-attachment":"scroll","background-type":"","background-media":"","overlay-type":"","overlay-color":"","overlay-opacity":"","overlay-gradient":""}},"ast-content-background-meta":{"desktop":{"background-color":"var(--ast-global-color-5)","background-image":"","background-repeat":"repeat","background-position":"center center","background-size":"auto","background-attachment":"scroll","background-type":"","background-media":"","overlay-type":"","overlay-color":"","overlay-opacity":"","overlay-gradient":""},"tablet":{"background-color":"var(--ast-global-color-5)","background-image":"","background-repeat":"repeat","background-position":"center center","background-size":"auto","background-attachment":"scroll","background-type":"","background-media":"","overlay-type":"","overlay-color":"","overlay-opacity":"","overlay-gradient":""},"mobile":{"background-color":"var(--ast-global-color-5)","background-image":"","background-repeat":"repeat","background-position":"center center","background-size":"auto","background-attachment":"scroll","background-type":"","background-media":"","overlay-type":"","overlay-color":"","overlay-opacity":"","overlay-gradient":""}},"footnotes":""},"categories":[1],"tags":[],"class_list":["post-3893","post","type-post","status-publish","format-standard","hentry","category-uncategorized"],"_links":{"self":[{"href":"https:\/\/anna-freud-schule.de\/startseite\/wp-json\/wp\/v2\/posts\/3893","targetHints":{"allow":["GET"]}}],"collection":[{"href":"https:\/\/anna-freud-schule.de\/startseite\/wp-json\/wp\/v2\/posts"}],"about":[{"href":"https:\/\/anna-freud-schule.de\/startseite\/wp-json\/wp\/v2\/types\/post"}],"replies":[{"embeddable":true,"href":"https:\/\/anna-freud-schule.de\/startseite\/wp-json\/wp\/v2\/comments?post=3893"}],"version-history":[{"count":0,"href":"https:\/\/anna-freud-schule.de\/startseite\/wp-json\/wp\/v2\/posts\/3893\/revisions"}],"wp:attachment":[{"href":"https:\/\/anna-freud-schule.de\/startseite\/wp-json\/wp\/v2\/media?parent=3893"}],"wp:term":[{"taxonomy":"category","embeddable":true,"href":"https:\/\/anna-freud-schule.de\/startseite\/wp-json\/wp\/v2\/categories?post=3893"},{"taxonomy":"post_tag","embeddable":true,"href":"https:\/\/anna-freud-schule.de\/startseite\/wp-json\/wp\/v2\/tags?post=3893"}],"curies":[{"name":"wp","href":"https:\/\/api.w.org\/{rel}","templated":true}]}}