{"id":4262,"date":"2024-07-05T13:48:30","date_gmt":"2024-07-05T11:48:30","guid":{"rendered":"https:\/\/anna-freud-schule.de\/startseite\/uncategorized\/feriengruesse-mit-jahresrueck-und-ausblick\/"},"modified":"2024-07-05T13:48:30","modified_gmt":"2024-07-05T11:48:30","slug":"feriengruesse-mit-jahresrueck-und-ausblick","status":"publish","type":"post","link":"https:\/\/anna-freud-schule.de\/startseite\/uncategorized\/feriengruesse-mit-jahresrueck-und-ausblick\/","title":{"rendered":"Feriengr\u00fc\u00dfe mit Jahresr\u00fcck- und ausblick"},"content":{"rendered":"<p>Liebe Eltern- und Erziehungsberechtigte,<\/p>\n<p>liebe Sch\u00fclerinnen und Sch\u00fcler,<\/p>\n<p>zum Ende dieses Schuljahres m\u00f6chte ich Ihnen und euch f\u00fcr die tolle Zusammenarbeit danken. Ich w\u00fcrde  mich freuen wie Sie und ihr in den Ferien Zeit findet den folgenden Schuljahresr\u00fcckblick- und ausblick zu lesen: <\/p>\n<p><a href=\"http:\/\/afs-blog.annafreudschule.de\/wp-content\/uploads\/2024\/07\/Jahresrueckblick-und-ausblick-2023_24.pdf\">http:\/\/afs-blog.annafreudschule.de\/wp-content\/uploads\/2024\/07\/Jahresrueckblick-und-ausblick-2023_24.pdf<\/a><\/p>\n<p>Es ist beeindruckend welch vielf\u00e4ltiges Schuljahr hinter uns liegt. Mit dem Motto \u201cWir sind bunt \u2013 Vielfalt leben und erleben\u201d geht es dann direkt nach den Ferien auch weiter. Ich freue mich schon darauf mit Ihnen und euch allen am 13. September 2024 das Schulfest zu feiern.<\/p>\n<p>Ich w\u00fcnsche allen wundersch\u00f6ne und erholsame Ferien. Vielleicht kommt auch p\u00fcnktlich zu den Sommerferien das Sommerwetter.<\/p>\n<p>Herzliche Gr\u00fc\u00dfe<\/p>\n<p>Elke Goldschmidtb\u00f6ing<\/p>","protected":false},"excerpt":{"rendered":"<p>Liebe Eltern- und Erziehungsberechtigte, liebe Sch\u00fclerinnen und Sch\u00fcler, zum Ende dieses Schuljahres m\u00f6chte ich Ihnen und euch f\u00fcr die tolle Zusammenarbeit danken. Ich w\u00fcrde mich freuen wie Sie und ihr in den Ferien Zeit findet den folgenden Schuljahresr\u00fcckblick- und ausblick zu lesen: http:\/\/afs-blog.annafreudschule.de\/wp-content\/uploads\/2024\/07\/Jahresrueckblick-und-ausblick-2023_24.pdf Es ist beeindruckend welch vielf\u00e4ltiges Schuljahr hinter uns liegt. Mit dem Motto [&hellip;]<\/p>\n","protected":false},"author":0,"featured_media":0,"comment_status":"","ping_status":"open","sticky":false,"template":"","format":"standard","meta":{"site-sidebar-layout":"default","site-content-layout":"","ast-site-content-layout":"default","site-content-style":"default","site-sidebar-style":"default","ast-global-header-display":"","ast-banner-title-visibility":"","ast-main-header-display":"","ast-hfb-above-header-display":"","ast-hfb-below-header-display":"","ast-hfb-mobile-header-display":"","site-post-title":"","ast-breadcrumbs-content":"","ast-featured-img":"","footer-sml-layout":"","ast-disable-related-posts":"","theme-transparent-header-meta":"","adv-header-id-meta":"","stick-header-meta":"","header-above-stick-meta":"","header-main-stick-meta":"","header-below-stick-meta":"","astra-migrate-meta-layouts":"default","ast-page-background-enabled":"default","ast-page-background-meta":{"desktop":{"background-color":"var(--ast-global-color-4)","background-image":"","background-repeat":"repeat","background-position":"center center","background-size":"auto","background-attachment":"scroll","background-type":"","background-media":"","overlay-type":"","overlay-color":"","overlay-opacity":"","overlay-gradient":""},"tablet":{"background-color":"","background-image":"","background-repeat":"repeat","background-position":"center center","background-size":"auto","background-attachment":"scroll","background-type":"","background-media":"","overlay-type":"","overlay-color":"","overlay-opacity":"","overlay-gradient":""},"mobile":{"background-color":"","background-image":"","background-repeat":"repeat","background-position":"center center","background-size":"auto","background-attachment":"scroll","background-type":"","background-media":"","overlay-type":"","overlay-color":"","overlay-opacity":"","overlay-gradient":""}},"ast-content-background-meta":{"desktop":{"background-color":"var(--ast-global-color-5)","background-image":"","background-repeat":"repeat","background-position":"center center","background-size":"auto","background-attachment":"scroll","background-type":"","background-media":"","overlay-type":"","overlay-color":"","overlay-opacity":"","overlay-gradient":""},"tablet":{"background-color":"var(--ast-global-color-5)","background-image":"","background-repeat":"repeat","background-position":"center center","background-size":"auto","background-attachment":"scroll","background-type":"","background-media":"","overlay-type":"","overlay-color":"","overlay-opacity":"","overlay-gradient":""},"mobile":{"background-color":"var(--ast-global-color-5)","background-image":"","background-repeat":"repeat","background-position":"center center","background-size":"auto","background-attachment":"scroll","background-type":"","background-media":"","overlay-type":"","overlay-color":"","overlay-opacity":"","overlay-gradient":""}},"footnotes":""},"categories":[1],"tags":[],"class_list":["post-4262","post","type-post","status-publish","format-standard","hentry","category-uncategorized"],"_links":{"self":[{"href":"https:\/\/anna-freud-schule.de\/startseite\/wp-json\/wp\/v2\/posts\/4262","targetHints":{"allow":["GET"]}}],"collection":[{"href":"https:\/\/anna-freud-schule.de\/startseite\/wp-json\/wp\/v2\/posts"}],"about":[{"href":"https:\/\/anna-freud-schule.de\/startseite\/wp-json\/wp\/v2\/types\/post"}],"replies":[{"embeddable":true,"href":"https:\/\/anna-freud-schule.de\/startseite\/wp-json\/wp\/v2\/comments?post=4262"}],"version-history":[{"count":0,"href":"https:\/\/anna-freud-schule.de\/startseite\/wp-json\/wp\/v2\/posts\/4262\/revisions"}],"wp:attachment":[{"href":"https:\/\/anna-freud-schule.de\/startseite\/wp-json\/wp\/v2\/media?parent=4262"}],"wp:term":[{"taxonomy":"category","embeddable":true,"href":"https:\/\/anna-freud-schule.de\/startseite\/wp-json\/wp\/v2\/categories?post=4262"},{"taxonomy":"post_tag","embeddable":true,"href":"https:\/\/anna-freud-schule.de\/startseite\/wp-json\/wp\/v2\/tags?post=4262"}],"curies":[{"name":"wp","href":"https:\/\/api.w.org\/{rel}","templated":true}]}}