{"id":4452,"date":"2025-02-07T09:27:23","date_gmt":"2025-02-07T08:27:23","guid":{"rendered":"https:\/\/anna-freud-schule.de\/startseite\/uncategorized\/pute-kaschoettche-2\/"},"modified":"2025-02-07T09:27:23","modified_gmt":"2025-02-07T08:27:23","slug":"pute-kaschoettche-2","status":"publish","type":"post","link":"https:\/\/anna-freud-schule.de\/startseite\/uncategorized\/pute-kaschoettche-2\/","title":{"rendered":"Pute Kasch\u00f6ttche"},"content":{"rendered":"<p>Liebe Sch\u00fclerinnen und Sch\u00fcler, liebe Eltern,<br \/>heute geht das erste Halbjahr zu Ende und wir hoffen, dass alle Sch\u00fcler*innen mit ihren Zeugnissen zufrieden sind oder durch die R\u00fcckmeldung Motivation finden, sich bis zu den Sommerferien zu verbessern. Ab und zu waren auch die Rahmenbindungen z.B. durch Erkrankungen nicht gut und wir w\u00fcnschen, dass es nun besser l\u00e4uft.<\/p>\n<p>Der K\u00f6lner Karneval steht vor der T\u00fcr. <strong>Wir laden Sch\u00fcler*innen und Eltern ein mit uns in unserem \u201ePute Kasch\u00f6ttche\u201c den Rosenmontagszug in K\u00f6ln hautnah und barrierefrei zu verfolgen. <\/strong>Gerade f\u00fcr unsere \u201eKleinen\u201c ist es ein tolles Erlebnis ohne Gedr\u00e4ngel Kamelle fangen zu k\u00f6nnen. Es befindet sich in der Schildergasse nahe dem Kaufhaus \u201ePeek &amp; Cloppenburg\u201c und an der Antoniterkirche.<\/p>\n<p><a href=\"http:\/\/afs-blog.annafreudschule.de\/wp-content\/uploads\/2025\/02\/PK-03-PK-03-Antoniterkirche_Schildergasse.pdf\">http:\/\/afs-blog.annafreudschule.de\/wp-content\/uploads\/2025\/02\/PK-03-PK-03-Antoniterkirche_Schildergasse.pdf<\/a><\/p>\n<p>Bitte beachten Sie bei der Anfahrt, dass etliche Stra\u00dfen in der Umgebung gesperrt sind. Beachten Sie bitte auch, dass die Eltern die Aufsichtspflicht f\u00fcr Ihre Kinder haben. <br \/>Der Zug sollte gegen 11.00 Uhr am Pute Kasch\u00f6ttche sein. Bitte an geeignete warme Kleidung, warme Getr\u00e4nke und ausreichend \u201eKamelleb\u00fcggel\u201c etc. denken! <br \/>Wir w\u00fcnschen allen viel Spa\u00df beim Rosenmontagszug, viele Kamelle, gutes Wetter und K\u00f6lle Alaaf!<\/p>\n<p>Herzliche Gr\u00fc\u00dfe<br \/>Elke Goldschmidtb\u00f6ing<\/p>","protected":false},"excerpt":{"rendered":"<p>Liebe Sch\u00fclerinnen und Sch\u00fcler, liebe Eltern,heute geht das erste Halbjahr zu Ende und wir hoffen, dass alle Sch\u00fcler*innen mit ihren Zeugnissen zufrieden sind oder durch die R\u00fcckmeldung Motivation finden, sich bis zu den Sommerferien zu verbessern. Ab und zu waren auch die Rahmenbindungen z.B. durch Erkrankungen nicht gut und wir w\u00fcnschen, dass es nun besser [&hellip;]<\/p>\n","protected":false},"author":1,"featured_media":0,"comment_status":"","ping_status":"open","sticky":false,"template":"","format":"standard","meta":{"site-sidebar-layout":"default","site-content-layout":"","ast-site-content-layout":"default","site-content-style":"default","site-sidebar-style":"default","ast-global-header-display":"","ast-banner-title-visibility":"","ast-main-header-display":"","ast-hfb-above-header-display":"","ast-hfb-below-header-display":"","ast-hfb-mobile-header-display":"","site-post-title":"","ast-breadcrumbs-content":"","ast-featured-img":"","footer-sml-layout":"","ast-disable-related-posts":"","theme-transparent-header-meta":"","adv-header-id-meta":"","stick-header-meta":"","header-above-stick-meta":"","header-main-stick-meta":"","header-below-stick-meta":"","astra-migrate-meta-layouts":"default","ast-page-background-enabled":"default","ast-page-background-meta":{"desktop":{"background-color":"var(--ast-global-color-4)","background-image":"","background-repeat":"repeat","background-position":"center center","background-size":"auto","background-attachment":"scroll","background-type":"","background-media":"","overlay-type":"","overlay-color":"","overlay-opacity":"","overlay-gradient":""},"tablet":{"background-color":"","background-image":"","background-repeat":"repeat","background-position":"center center","background-size":"auto","background-attachment":"scroll","background-type":"","background-media":"","overlay-type":"","overlay-color":"","overlay-opacity":"","overlay-gradient":""},"mobile":{"background-color":"","background-image":"","background-repeat":"repeat","background-position":"center center","background-size":"auto","background-attachment":"scroll","background-type":"","background-media":"","overlay-type":"","overlay-color":"","overlay-opacity":"","overlay-gradient":""}},"ast-content-background-meta":{"desktop":{"background-color":"var(--ast-global-color-5)","background-image":"","background-repeat":"repeat","background-position":"center center","background-size":"auto","background-attachment":"scroll","background-type":"","background-media":"","overlay-type":"","overlay-color":"","overlay-opacity":"","overlay-gradient":""},"tablet":{"background-color":"var(--ast-global-color-5)","background-image":"","background-repeat":"repeat","background-position":"center center","background-size":"auto","background-attachment":"scroll","background-type":"","background-media":"","overlay-type":"","overlay-color":"","overlay-opacity":"","overlay-gradient":""},"mobile":{"background-color":"var(--ast-global-color-5)","background-image":"","background-repeat":"repeat","background-position":"center center","background-size":"auto","background-attachment":"scroll","background-type":"","background-media":"","overlay-type":"","overlay-color":"","overlay-opacity":"","overlay-gradient":""}},"footnotes":""},"categories":[1],"tags":[],"class_list":["post-4452","post","type-post","status-publish","format-standard","hentry","category-uncategorized"],"_links":{"self":[{"href":"https:\/\/anna-freud-schule.de\/startseite\/wp-json\/wp\/v2\/posts\/4452","targetHints":{"allow":["GET"]}}],"collection":[{"href":"https:\/\/anna-freud-schule.de\/startseite\/wp-json\/wp\/v2\/posts"}],"about":[{"href":"https:\/\/anna-freud-schule.de\/startseite\/wp-json\/wp\/v2\/types\/post"}],"author":[{"embeddable":true,"href":"https:\/\/anna-freud-schule.de\/startseite\/wp-json\/wp\/v2\/users\/1"}],"replies":[{"embeddable":true,"href":"https:\/\/anna-freud-schule.de\/startseite\/wp-json\/wp\/v2\/comments?post=4452"}],"version-history":[{"count":0,"href":"https:\/\/anna-freud-schule.de\/startseite\/wp-json\/wp\/v2\/posts\/4452\/revisions"}],"wp:attachment":[{"href":"https:\/\/anna-freud-schule.de\/startseite\/wp-json\/wp\/v2\/media?parent=4452"}],"wp:term":[{"taxonomy":"category","embeddable":true,"href":"https:\/\/anna-freud-schule.de\/startseite\/wp-json\/wp\/v2\/categories?post=4452"},{"taxonomy":"post_tag","embeddable":true,"href":"https:\/\/anna-freud-schule.de\/startseite\/wp-json\/wp\/v2\/tags?post=4452"}],"curies":[{"name":"wp","href":"https:\/\/api.w.org\/{rel}","templated":true}]}}