{"id":4989,"date":"2025-06-03T09:55:12","date_gmt":"2025-06-03T07:55:12","guid":{"rendered":"https:\/\/anna-freud-schule.de\/startseite\/uncategorized\/schueleraustausch-2025-lublin-polen-und-koeln\/"},"modified":"2025-06-03T09:55:12","modified_gmt":"2025-06-03T07:55:12","slug":"schueleraustausch-2025-lublin-polen-und-koeln","status":"publish","type":"post","link":"https:\/\/anna-freud-schule.de\/startseite\/uncategorized\/schueleraustausch-2025-lublin-polen-und-koeln\/","title":{"rendered":"Sch\u00fcleraustausch 2025 Lublin (Polen) und K\u00f6ln"},"content":{"rendered":"<p>Liebe Eltern, Erziehungsberechtigte und Sch\u00fcler*innen der Stufen 9 und EF,<\/p>\n<p>wir freuen uns, euch die M\u00f6glichkeit anzubieten, an einer spannenden Sch\u00fcler*innenbegegnung in unserer neuen Partnerschule in Lublin, Polen, teilzunehmen!<\/p>\n<p>Wann? Im Oktober 2025<br \/>Wer? Sch\u00fclerinnen und Sch\u00fcler der Klassen 9 und der EF<br \/>Was? Austausch mit polnischen Sch\u00fclerinnen und Sch\u00fclern, kulturelle Erlebnisse und die <br \/>Gelegenheit, Land und Leute kennenzulernen.<\/p>\n<p>Wenn du Interesse an Kultur hast, neue Freundschaften schlie\u00dfen m\u00f6chtest und<br \/>bereit bist, in eine andere Welt einzutauchen, dann bist du hier genau richtig! Diese <br \/>Begegnung bietet dir die Chance, deine Sprachkenntnisse zu verbessern, es wird auch Englisch gesprochen, mehr \u00fcber die polnische Kultur zu erfahren und unvergessliche <br \/>Erinnerungen zu sammeln. Die Reise wird \u00fcber \u201eErasmus+\u201c- Gelder kofinanziert.<\/p>\n<p>Wir suchen engagierte und aufgeschlossene Sch\u00fclerinnen und Sch\u00fcler, die Lust auf ein <br \/>Abenteuer haben und als Botschafter der LVR-Anna-Freud-Schule aktiv werden wollen. Bei Fragen oder zur Anmeldung wendet euch bitte an Frau Spemes, Herrn Stier oder Frau Roeder. Diese werden euch in den kommenden Tagen auch pers\u00f6nlich ansprechen. <\/p>\n<p>Wir freuen uns auf eure Bewerbungen und auf eine tolle gemeinsame Zeit in Lublin!<br \/>Herzliche Gr\u00fc\u00dfe<\/p>\n<p>Elke Goldschmidtb\u00f6ing<\/p>\n<p><\/p>","protected":false},"excerpt":{"rendered":"<p>Liebe Eltern, Erziehungsberechtigte und Sch\u00fcler*innen der Stufen 9 und EF, wir freuen uns, euch die M\u00f6glichkeit anzubieten, an einer spannenden Sch\u00fcler*innenbegegnung in unserer neuen Partnerschule in Lublin, Polen, teilzunehmen! Wann? Im Oktober 2025Wer? Sch\u00fclerinnen und Sch\u00fcler der Klassen 9 und der EFWas? Austausch mit polnischen Sch\u00fclerinnen und Sch\u00fclern, kulturelle Erlebnisse und die Gelegenheit, Land und [&hellip;]<\/p>\n","protected":false},"author":1,"featured_media":0,"comment_status":"","ping_status":"open","sticky":false,"template":"","format":"standard","meta":{"site-sidebar-layout":"default","site-content-layout":"","ast-site-content-layout":"default","site-content-style":"default","site-sidebar-style":"default","ast-global-header-display":"","ast-banner-title-visibility":"","ast-main-header-display":"","ast-hfb-above-header-display":"","ast-hfb-below-header-display":"","ast-hfb-mobile-header-display":"","site-post-title":"","ast-breadcrumbs-content":"","ast-featured-img":"","footer-sml-layout":"","ast-disable-related-posts":"","theme-transparent-header-meta":"","adv-header-id-meta":"","stick-header-meta":"","header-above-stick-meta":"","header-main-stick-meta":"","header-below-stick-meta":"","astra-migrate-meta-layouts":"default","ast-page-background-enabled":"default","ast-page-background-meta":{"desktop":{"background-color":"var(--ast-global-color-4)","background-image":"","background-repeat":"repeat","background-position":"center center","background-size":"auto","background-attachment":"scroll","background-type":"","background-media":"","overlay-type":"","overlay-color":"","overlay-opacity":"","overlay-gradient":""},"tablet":{"background-color":"","background-image":"","background-repeat":"repeat","background-position":"center center","background-size":"auto","background-attachment":"scroll","background-type":"","background-media":"","overlay-type":"","overlay-color":"","overlay-opacity":"","overlay-gradient":""},"mobile":{"background-color":"","background-image":"","background-repeat":"repeat","background-position":"center center","background-size":"auto","background-attachment":"scroll","background-type":"","background-media":"","overlay-type":"","overlay-color":"","overlay-opacity":"","overlay-gradient":""}},"ast-content-background-meta":{"desktop":{"background-color":"var(--ast-global-color-5)","background-image":"","background-repeat":"repeat","background-position":"center center","background-size":"auto","background-attachment":"scroll","background-type":"","background-media":"","overlay-type":"","overlay-color":"","overlay-opacity":"","overlay-gradient":""},"tablet":{"background-color":"var(--ast-global-color-5)","background-image":"","background-repeat":"repeat","background-position":"center center","background-size":"auto","background-attachment":"scroll","background-type":"","background-media":"","overlay-type":"","overlay-color":"","overlay-opacity":"","overlay-gradient":""},"mobile":{"background-color":"var(--ast-global-color-5)","background-image":"","background-repeat":"repeat","background-position":"center center","background-size":"auto","background-attachment":"scroll","background-type":"","background-media":"","overlay-type":"","overlay-color":"","overlay-opacity":"","overlay-gradient":""}},"footnotes":""},"categories":[1],"tags":[],"class_list":["post-4989","post","type-post","status-publish","format-standard","hentry","category-uncategorized"],"_links":{"self":[{"href":"https:\/\/anna-freud-schule.de\/startseite\/wp-json\/wp\/v2\/posts\/4989","targetHints":{"allow":["GET"]}}],"collection":[{"href":"https:\/\/anna-freud-schule.de\/startseite\/wp-json\/wp\/v2\/posts"}],"about":[{"href":"https:\/\/anna-freud-schule.de\/startseite\/wp-json\/wp\/v2\/types\/post"}],"author":[{"embeddable":true,"href":"https:\/\/anna-freud-schule.de\/startseite\/wp-json\/wp\/v2\/users\/1"}],"replies":[{"embeddable":true,"href":"https:\/\/anna-freud-schule.de\/startseite\/wp-json\/wp\/v2\/comments?post=4989"}],"version-history":[{"count":0,"href":"https:\/\/anna-freud-schule.de\/startseite\/wp-json\/wp\/v2\/posts\/4989\/revisions"}],"wp:attachment":[{"href":"https:\/\/anna-freud-schule.de\/startseite\/wp-json\/wp\/v2\/media?parent=4989"}],"wp:term":[{"taxonomy":"category","embeddable":true,"href":"https:\/\/anna-freud-schule.de\/startseite\/wp-json\/wp\/v2\/categories?post=4989"},{"taxonomy":"post_tag","embeddable":true,"href":"https:\/\/anna-freud-schule.de\/startseite\/wp-json\/wp\/v2\/tags?post=4989"}],"curies":[{"name":"wp","href":"https:\/\/api.w.org\/{rel}","templated":true}]}}