{"id":4990,"date":"2025-06-03T14:52:46","date_gmt":"2025-06-03T12:52:46","guid":{"rendered":"https:\/\/anna-freud-schule.de\/startseite\/uncategorized\/bombenentschaerfung-am-mittwoch-in-koeln-deutz\/"},"modified":"2025-06-03T14:52:46","modified_gmt":"2025-06-03T12:52:46","slug":"bombenentschaerfung-am-mittwoch-in-koeln-deutz","status":"publish","type":"post","link":"https:\/\/anna-freud-schule.de\/startseite\/uncategorized\/bombenentschaerfung-am-mittwoch-in-koeln-deutz\/","title":{"rendered":"Bombenentsch\u00e4rfung am Mittwoch in K\u00f6ln-Deutz"},"content":{"rendered":"<p>Liebe Eltern und Erziehungsberechtigte,<br \/>liebe Sch\u00fclerinnen und Sch\u00fcler,<\/p>\n<p>wie viele schon wissen finden morgen Bombenentsch\u00e4rfungen in K\u00f6ln Deutz mit sehr umfangreichen Sicherheitsma\u00dfnahmen statt. Sicherlich wird auch die Hin- und R\u00fcckfahrt vieler Sch\u00fcler*innen \u2013 ob mit dem Sch\u00fclerspezialverkehr oder mit dem \u00f6ffentlichen Nahverkehr \u2013 nicht ungest\u00f6rt verlaufen. Wir sind in Kontakt mit den Fahrunternehmen. Die meisten Fahrunternehmen gehen davon aus, dass sie Ihre Sch\u00fcler*innen zur AFS bringen und wieder abholen k\u00f6nnen. Zum Teil sind bereits fr\u00fchere Abholtermine vereinbart und die Fahrer*innen machen sich fr\u00fcher auf den Weg zur Abholung. Trotzdem kann es sein, dass einzelne Unternehmen entscheiden nicht zu fahren. Zudem kann es zu versp\u00e4tungen kommen. Auch Sie als Eltern m\u00fcssen absch\u00e4tzen, ob die Hin- und R\u00fcckfahrt f\u00fcr Ihre Kind sicher m\u00f6glich ist. Falls Sch\u00fcler*innen morgen wegen der Entsch\u00e4rfung nicht kommen k\u00f6nnen, melden Sie diese bitte auf dem gewohnten Weg ab. Die Sch\u00fcler*innen gelten dann als entschuldigt. <\/p>\n<p>In der Stufe EF wird morgen eine Zentralklausur im Fach Deutsch geschrieben. Der offizielle Nachschreibtermin bei einem entschuldigten Vers\u00e4umnis ist am Montag, den 16. Juni 2025.<\/p>\n<p>Herzliche Gr\u00fc\u00dfe<\/p>\n<p>Elke Goldschmidtb\u00f6ing<\/p>","protected":false},"excerpt":{"rendered":"<p>Liebe Eltern und Erziehungsberechtigte,liebe Sch\u00fclerinnen und Sch\u00fcler, wie viele schon wissen finden morgen Bombenentsch\u00e4rfungen in K\u00f6ln Deutz mit sehr umfangreichen Sicherheitsma\u00dfnahmen statt. Sicherlich wird auch die Hin- und R\u00fcckfahrt vieler Sch\u00fcler*innen \u2013 ob mit dem Sch\u00fclerspezialverkehr oder mit dem \u00f6ffentlichen Nahverkehr \u2013 nicht ungest\u00f6rt verlaufen. Wir sind in Kontakt mit den Fahrunternehmen. Die meisten Fahrunternehmen [&hellip;]<\/p>\n","protected":false},"author":1,"featured_media":0,"comment_status":"","ping_status":"open","sticky":false,"template":"","format":"standard","meta":{"site-sidebar-layout":"default","site-content-layout":"","ast-site-content-layout":"default","site-content-style":"default","site-sidebar-style":"default","ast-global-header-display":"","ast-banner-title-visibility":"","ast-main-header-display":"","ast-hfb-above-header-display":"","ast-hfb-below-header-display":"","ast-hfb-mobile-header-display":"","site-post-title":"","ast-breadcrumbs-content":"","ast-featured-img":"","footer-sml-layout":"","ast-disable-related-posts":"","theme-transparent-header-meta":"","adv-header-id-meta":"","stick-header-meta":"","header-above-stick-meta":"","header-main-stick-meta":"","header-below-stick-meta":"","astra-migrate-meta-layouts":"default","ast-page-background-enabled":"default","ast-page-background-meta":{"desktop":{"background-color":"var(--ast-global-color-4)","background-image":"","background-repeat":"repeat","background-position":"center center","background-size":"auto","background-attachment":"scroll","background-type":"","background-media":"","overlay-type":"","overlay-color":"","overlay-opacity":"","overlay-gradient":""},"tablet":{"background-color":"","background-image":"","background-repeat":"repeat","background-position":"center center","background-size":"auto","background-attachment":"scroll","background-type":"","background-media":"","overlay-type":"","overlay-color":"","overlay-opacity":"","overlay-gradient":""},"mobile":{"background-color":"","background-image":"","background-repeat":"repeat","background-position":"center center","background-size":"auto","background-attachment":"scroll","background-type":"","background-media":"","overlay-type":"","overlay-color":"","overlay-opacity":"","overlay-gradient":""}},"ast-content-background-meta":{"desktop":{"background-color":"var(--ast-global-color-5)","background-image":"","background-repeat":"repeat","background-position":"center center","background-size":"auto","background-attachment":"scroll","background-type":"","background-media":"","overlay-type":"","overlay-color":"","overlay-opacity":"","overlay-gradient":""},"tablet":{"background-color":"var(--ast-global-color-5)","background-image":"","background-repeat":"repeat","background-position":"center center","background-size":"auto","background-attachment":"scroll","background-type":"","background-media":"","overlay-type":"","overlay-color":"","overlay-opacity":"","overlay-gradient":""},"mobile":{"background-color":"var(--ast-global-color-5)","background-image":"","background-repeat":"repeat","background-position":"center center","background-size":"auto","background-attachment":"scroll","background-type":"","background-media":"","overlay-type":"","overlay-color":"","overlay-opacity":"","overlay-gradient":""}},"footnotes":""},"categories":[1],"tags":[],"class_list":["post-4990","post","type-post","status-publish","format-standard","hentry","category-uncategorized"],"_links":{"self":[{"href":"https:\/\/anna-freud-schule.de\/startseite\/wp-json\/wp\/v2\/posts\/4990","targetHints":{"allow":["GET"]}}],"collection":[{"href":"https:\/\/anna-freud-schule.de\/startseite\/wp-json\/wp\/v2\/posts"}],"about":[{"href":"https:\/\/anna-freud-schule.de\/startseite\/wp-json\/wp\/v2\/types\/post"}],"author":[{"embeddable":true,"href":"https:\/\/anna-freud-schule.de\/startseite\/wp-json\/wp\/v2\/users\/1"}],"replies":[{"embeddable":true,"href":"https:\/\/anna-freud-schule.de\/startseite\/wp-json\/wp\/v2\/comments?post=4990"}],"version-history":[{"count":0,"href":"https:\/\/anna-freud-schule.de\/startseite\/wp-json\/wp\/v2\/posts\/4990\/revisions"}],"wp:attachment":[{"href":"https:\/\/anna-freud-schule.de\/startseite\/wp-json\/wp\/v2\/media?parent=4990"}],"wp:term":[{"taxonomy":"category","embeddable":true,"href":"https:\/\/anna-freud-schule.de\/startseite\/wp-json\/wp\/v2\/categories?post=4990"},{"taxonomy":"post_tag","embeddable":true,"href":"https:\/\/anna-freud-schule.de\/startseite\/wp-json\/wp\/v2\/tags?post=4990"}],"curies":[{"name":"wp","href":"https:\/\/api.w.org\/{rel}","templated":true}]}}