{"id":4992,"date":"2025-06-27T09:57:42","date_gmt":"2025-06-27T07:57:42","guid":{"rendered":"https:\/\/anna-freud-schule.de\/startseite\/uncategorized\/probleme-mit-microsoft-accounts-und-dokumenten-in-onedrive\/"},"modified":"2025-06-27T09:57:42","modified_gmt":"2025-06-27T07:57:42","slug":"probleme-mit-microsoft-accounts-und-dokumenten-in-onedrive","status":"publish","type":"post","link":"https:\/\/anna-freud-schule.de\/startseite\/uncategorized\/probleme-mit-microsoft-accounts-und-dokumenten-in-onedrive\/","title":{"rendered":"Probleme mit Microsoft-Accounts und Dokumenten in OneDrive"},"content":{"rendered":"<p>Liebe Eltern und Erziehungsberechtigte,<br \/>liebe Sch\u00fclerinnen und Sch\u00fcler,<\/p>\n<p>viele von Ihnen\/euch haben bemerkt, dass die Microsoft-Accounts der Schule nicht mehr funktionieren. Das betrifft sowohl die Accounts von Lehrkr\u00e4ften, als auch die Accounts von Sch\u00fclerinnen und Sch\u00fclern. Leider hat Microsoft das Lizenzmodell A1 abgek\u00fcndigt und stellt Schulen zuk\u00fcnftig keine kostenfreien Lizenzen mehr zur Verf\u00fcgung. Kostenpflichtige Lizenzen \u00fcbersteigen unser Budget deutlich, sodass wir Microsoft in Verbindung mit den iPads leider nicht weiter nutzen k\u00f6nnen.<\/p>\n<p>Uns ist bewusst, dass einige Sch\u00fclerinnen und Sch\u00fcler die Microsoft-Apps f\u00fcr den Unterricht genutzt haben und nun nicht mehr auf ihre Dokumente in OneDrive zugreifen k\u00f6nnen. Wir haben daher eine begrenzte Anzahl kostenpflichtiger Lizenzen gekauft, damit jeder, der das m\u00f6chte, seine Daten aus OneDrive sichern kann. Jeder, der Daten aus OneDrive sichern m\u00f6chte, schickt bitte eine Mail an tobias.dehler@lvr-afs.de. Er weist dem Nutzer dann kurzzeitig eine der kostenpflichtigen Lizenzen zu, sodass alle Daten heruntergeladen werden k\u00f6nnen.<\/p>\n<p>Zu Beginn des neuen Schuljahres wird entschieden, welche Office-Programme wir den Sch\u00fclerinnen und Sch\u00fclern alternativ zur Verf\u00fcgung stellen. <\/p>\n<p>Wir entschuldigen uns f\u00fcr dieses pl\u00f6tzliche Ende, m\u00f6chten jedoch mitteilen, dass auch uns diese Nachricht ohne Vorwarnung erreicht hat.<\/p>\n<p>Herzliche Gr\u00fc\u00dfe<\/p>\n<p>Elke Goldschmidtb\u00f6ing<\/p>","protected":false},"excerpt":{"rendered":"<p>Liebe Eltern und Erziehungsberechtigte,liebe Sch\u00fclerinnen und Sch\u00fcler, viele von Ihnen\/euch haben bemerkt, dass die Microsoft-Accounts der Schule nicht mehr funktionieren. Das betrifft sowohl die Accounts von Lehrkr\u00e4ften, als auch die Accounts von Sch\u00fclerinnen und Sch\u00fclern. Leider hat Microsoft das Lizenzmodell A1 abgek\u00fcndigt und stellt Schulen zuk\u00fcnftig keine kostenfreien Lizenzen mehr zur Verf\u00fcgung. Kostenpflichtige Lizenzen \u00fcbersteigen [&hellip;]<\/p>\n","protected":false},"author":1,"featured_media":0,"comment_status":"","ping_status":"open","sticky":false,"template":"","format":"standard","meta":{"site-sidebar-layout":"default","site-content-layout":"","ast-site-content-layout":"default","site-content-style":"default","site-sidebar-style":"default","ast-global-header-display":"","ast-banner-title-visibility":"","ast-main-header-display":"","ast-hfb-above-header-display":"","ast-hfb-below-header-display":"","ast-hfb-mobile-header-display":"","site-post-title":"","ast-breadcrumbs-content":"","ast-featured-img":"","footer-sml-layout":"","ast-disable-related-posts":"","theme-transparent-header-meta":"","adv-header-id-meta":"","stick-header-meta":"","header-above-stick-meta":"","header-main-stick-meta":"","header-below-stick-meta":"","astra-migrate-meta-layouts":"default","ast-page-background-enabled":"default","ast-page-background-meta":{"desktop":{"background-color":"var(--ast-global-color-4)","background-image":"","background-repeat":"repeat","background-position":"center center","background-size":"auto","background-attachment":"scroll","background-type":"","background-media":"","overlay-type":"","overlay-color":"","overlay-opacity":"","overlay-gradient":""},"tablet":{"background-color":"","background-image":"","background-repeat":"repeat","background-position":"center center","background-size":"auto","background-attachment":"scroll","background-type":"","background-media":"","overlay-type":"","overlay-color":"","overlay-opacity":"","overlay-gradient":""},"mobile":{"background-color":"","background-image":"","background-repeat":"repeat","background-position":"center center","background-size":"auto","background-attachment":"scroll","background-type":"","background-media":"","overlay-type":"","overlay-color":"","overlay-opacity":"","overlay-gradient":""}},"ast-content-background-meta":{"desktop":{"background-color":"var(--ast-global-color-5)","background-image":"","background-repeat":"repeat","background-position":"center center","background-size":"auto","background-attachment":"scroll","background-type":"","background-media":"","overlay-type":"","overlay-color":"","overlay-opacity":"","overlay-gradient":""},"tablet":{"background-color":"var(--ast-global-color-5)","background-image":"","background-repeat":"repeat","background-position":"center center","background-size":"auto","background-attachment":"scroll","background-type":"","background-media":"","overlay-type":"","overlay-color":"","overlay-opacity":"","overlay-gradient":""},"mobile":{"background-color":"var(--ast-global-color-5)","background-image":"","background-repeat":"repeat","background-position":"center center","background-size":"auto","background-attachment":"scroll","background-type":"","background-media":"","overlay-type":"","overlay-color":"","overlay-opacity":"","overlay-gradient":""}},"footnotes":""},"categories":[1],"tags":[],"class_list":["post-4992","post","type-post","status-publish","format-standard","hentry","category-uncategorized"],"_links":{"self":[{"href":"https:\/\/anna-freud-schule.de\/startseite\/wp-json\/wp\/v2\/posts\/4992","targetHints":{"allow":["GET"]}}],"collection":[{"href":"https:\/\/anna-freud-schule.de\/startseite\/wp-json\/wp\/v2\/posts"}],"about":[{"href":"https:\/\/anna-freud-schule.de\/startseite\/wp-json\/wp\/v2\/types\/post"}],"author":[{"embeddable":true,"href":"https:\/\/anna-freud-schule.de\/startseite\/wp-json\/wp\/v2\/users\/1"}],"replies":[{"embeddable":true,"href":"https:\/\/anna-freud-schule.de\/startseite\/wp-json\/wp\/v2\/comments?post=4992"}],"version-history":[{"count":0,"href":"https:\/\/anna-freud-schule.de\/startseite\/wp-json\/wp\/v2\/posts\/4992\/revisions"}],"wp:attachment":[{"href":"https:\/\/anna-freud-schule.de\/startseite\/wp-json\/wp\/v2\/media?parent=4992"}],"wp:term":[{"taxonomy":"category","embeddable":true,"href":"https:\/\/anna-freud-schule.de\/startseite\/wp-json\/wp\/v2\/categories?post=4992"},{"taxonomy":"post_tag","embeddable":true,"href":"https:\/\/anna-freud-schule.de\/startseite\/wp-json\/wp\/v2\/tags?post=4992"}],"curies":[{"name":"wp","href":"https:\/\/api.w.org\/{rel}","templated":true}]}}