{"id":5039,"date":"2025-07-11T08:56:14","date_gmt":"2025-07-11T06:56:14","guid":{"rendered":"https:\/\/anna-freud-schule.de\/startseite\/uncategorized\/jahresrueckblick-schuljahr-24-25\/"},"modified":"2025-07-11T08:56:14","modified_gmt":"2025-07-11T06:56:14","slug":"jahresrueckblick-schuljahr-24-25","status":"publish","type":"post","link":"https:\/\/anna-freud-schule.de\/startseite\/uncategorized\/jahresrueckblick-schuljahr-24-25\/","title":{"rendered":"Jahresr\u00fcckblick Schuljahr 24\/25"},"content":{"rendered":"<p>Liebe Eltern und Erziehungsberechtigte,<\/p>\n<p>liebe Sch\u00fclerinnen und Sch\u00fcler,<\/p>\n<p>am letzten Schultag dieses Schuljahres m\u00f6chten wir mit Ihnen\/mit euch zur\u00fcck blicken. Wir sind mit einer bunten Projektwoche und einem tollen Schulfest in dieses Schuljahr gestartet. Unter dem folgenden Link finden Sie Bilder und Texte, die einen Eindruck vom vergangenen Schuljahr geben sollen. Wir w\u00fcnschen Ihnen\/euch viel Spa\u00df beim Lesen.<\/p>\n<p><a href=\"https:\/\/anna-freud-schule.de\/wp-content\/uploads\/2025\/07\/Jahresrueckblick-und-ausblick-mit-Bildern.pdf\">https:\/\/anna-freud-schule.de\/wp-content\/uploads\/2025\/07\/Jahresrueckblick-und-ausblick-mit-Bildern.pdf<\/a> <\/p>\n<p>Eine wichtige Information f\u00fcr das kommenden Jahr m\u00f6chte ich auf diesem Weg noch mitgeben:<\/p>\n<p>Unser neuer Caterer f\u00fcr die Mensa hei\u00dft Aubergine &amp; Zucchini. Es ist unser Wunschcaterer und wir freuen uns sehr. Mit diesem Wechsel wird auch das Bestell- und Bezahlsystem ge\u00e4ndert. In den kommenden Tagen werden wir \u00fcber den AFS-Blog und weitere Kommunikationskan\u00e4le Informationen dazu versenden. Wir w\u00fcrden uns sehr freuen, wenn mit diesem Wechsel auch die t\u00e4glichen Essenszahlen in der Mensa deutlich steigen w\u00fcrden. Wir sind der \u00dcberzeugung, dass ein gutes Mittagsessen f\u00fcr einen erfolgreichen Unterricht am Nachmittag wichtig ist.<\/p>\n<p>Wir w\u00fcnschen allen wundersch\u00f6ne Ferien!<\/p>\n<p>Herzliche Gr\u00fc\u00dfe<\/p>\n<p>Esther Keppler und Elke Goldschmidtb\u00f6ing<\/p>","protected":false},"excerpt":{"rendered":"<p>Liebe Eltern und Erziehungsberechtigte, liebe Sch\u00fclerinnen und Sch\u00fcler, am letzten Schultag dieses Schuljahres m\u00f6chten wir mit Ihnen\/mit euch zur\u00fcck blicken. Wir sind mit einer bunten Projektwoche und einem tollen Schulfest in dieses Schuljahr gestartet. Unter dem folgenden Link finden Sie Bilder und Texte, die einen Eindruck vom vergangenen Schuljahr geben sollen. Wir w\u00fcnschen Ihnen\/euch viel [&hellip;]<\/p>\n","protected":false},"author":1,"featured_media":0,"comment_status":"","ping_status":"open","sticky":false,"template":"","format":"standard","meta":{"site-sidebar-layout":"default","site-content-layout":"","ast-site-content-layout":"default","site-content-style":"default","site-sidebar-style":"default","ast-global-header-display":"","ast-banner-title-visibility":"","ast-main-header-display":"","ast-hfb-above-header-display":"","ast-hfb-below-header-display":"","ast-hfb-mobile-header-display":"","site-post-title":"","ast-breadcrumbs-content":"","ast-featured-img":"","footer-sml-layout":"","ast-disable-related-posts":"","theme-transparent-header-meta":"","adv-header-id-meta":"","stick-header-meta":"","header-above-stick-meta":"","header-main-stick-meta":"","header-below-stick-meta":"","astra-migrate-meta-layouts":"default","ast-page-background-enabled":"default","ast-page-background-meta":{"desktop":{"background-color":"var(--ast-global-color-4)","background-image":"","background-repeat":"repeat","background-position":"center center","background-size":"auto","background-attachment":"scroll","background-type":"","background-media":"","overlay-type":"","overlay-color":"","overlay-opacity":"","overlay-gradient":""},"tablet":{"background-color":"","background-image":"","background-repeat":"repeat","background-position":"center center","background-size":"auto","background-attachment":"scroll","background-type":"","background-media":"","overlay-type":"","overlay-color":"","overlay-opacity":"","overlay-gradient":""},"mobile":{"background-color":"","background-image":"","background-repeat":"repeat","background-position":"center center","background-size":"auto","background-attachment":"scroll","background-type":"","background-media":"","overlay-type":"","overlay-color":"","overlay-opacity":"","overlay-gradient":""}},"ast-content-background-meta":{"desktop":{"background-color":"var(--ast-global-color-5)","background-image":"","background-repeat":"repeat","background-position":"center center","background-size":"auto","background-attachment":"scroll","background-type":"","background-media":"","overlay-type":"","overlay-color":"","overlay-opacity":"","overlay-gradient":""},"tablet":{"background-color":"var(--ast-global-color-5)","background-image":"","background-repeat":"repeat","background-position":"center center","background-size":"auto","background-attachment":"scroll","background-type":"","background-media":"","overlay-type":"","overlay-color":"","overlay-opacity":"","overlay-gradient":""},"mobile":{"background-color":"var(--ast-global-color-5)","background-image":"","background-repeat":"repeat","background-position":"center center","background-size":"auto","background-attachment":"scroll","background-type":"","background-media":"","overlay-type":"","overlay-color":"","overlay-opacity":"","overlay-gradient":""}},"footnotes":""},"categories":[1],"tags":[],"class_list":["post-5039","post","type-post","status-publish","format-standard","hentry","category-uncategorized"],"_links":{"self":[{"href":"https:\/\/anna-freud-schule.de\/startseite\/wp-json\/wp\/v2\/posts\/5039","targetHints":{"allow":["GET"]}}],"collection":[{"href":"https:\/\/anna-freud-schule.de\/startseite\/wp-json\/wp\/v2\/posts"}],"about":[{"href":"https:\/\/anna-freud-schule.de\/startseite\/wp-json\/wp\/v2\/types\/post"}],"author":[{"embeddable":true,"href":"https:\/\/anna-freud-schule.de\/startseite\/wp-json\/wp\/v2\/users\/1"}],"replies":[{"embeddable":true,"href":"https:\/\/anna-freud-schule.de\/startseite\/wp-json\/wp\/v2\/comments?post=5039"}],"version-history":[{"count":0,"href":"https:\/\/anna-freud-schule.de\/startseite\/wp-json\/wp\/v2\/posts\/5039\/revisions"}],"wp:attachment":[{"href":"https:\/\/anna-freud-schule.de\/startseite\/wp-json\/wp\/v2\/media?parent=5039"}],"wp:term":[{"taxonomy":"category","embeddable":true,"href":"https:\/\/anna-freud-schule.de\/startseite\/wp-json\/wp\/v2\/categories?post=5039"},{"taxonomy":"post_tag","embeddable":true,"href":"https:\/\/anna-freud-schule.de\/startseite\/wp-json\/wp\/v2\/tags?post=5039"}],"curies":[{"name":"wp","href":"https:\/\/api.w.org\/{rel}","templated":true}]}}